{"id":10231,"date":"2018-12-28T01:33:06","date_gmt":"2018-12-28T00:33:06","guid":{"rendered":"http:\/\/www.vagus.cz\/?p=10231"},"modified":"2019-01-03T21:02:28","modified_gmt":"2019-01-03T20:02:28","slug":"vagusi-rok-2018-dobre-jeste-bude","status":"publish","type":"post","link":"https:\/\/www.vagus.cz\/?p=10231","title":{"rendered":"V\u00e1gus\u00ed rok 2018: Dob\u0159e je\u0161t\u011b bude!?"},"content":{"rendered":"<p>Jak\u00fd byl pr\u00e1v\u011b kon\u010d\u00edc\u00ed rok s po\u0159adov\u00fdm \u010d\u00edslem 2018? Co v n\u011bm bylo nejzaj\u00edmav\u011bj\u0161\u00ed, nejbizarn\u011bj\u0161\u00ed a co nejv\u00edc na hovno? A kam sm\u011b\u0159uje vezdej\u0161\u00ed sv\u011bt v roce 2019? Uplynul\u00fd rok hodnot\u00ed na\u0161i kolegov\u00e9, zn\u00e1m\u00ed, p\u0159\u00e1tel\u00e9 a p\u0159\u00edbuzn\u00ed.<\/p>\n<p><!--more-->&nbsp;<\/p>\n<h3>Vojt\u011bch Boh\u00e1\u010d \/ <a href=\"https:\/\/www.voxpot.cz\/\" target=\"_blank\">Voxpot<\/a><\/h3>\n<p><strong>Co si z roku 2018 budete pamatovat?<\/strong><br \/>\nCel\u00fd rok pr\u00e1ce na startu Voxpotu. Jak se za\u010dalo d\u00e1vat plno lid\u00ed dohromady, aby vzniklo n\u011bco, co m\u00e1 ambice p\u0159ekro\u010dit dom\u00e1c\u00ed sc\u00e9nu a vylet\u011bt do sv\u011bta. To je fakt opojn\u00fd pocit. Rozhodn\u011b taky prvn\u00ed rok v Praze a letn\u00ed probouzen\u00ed se na st\u0159e\u0161e na\u0161eho bar\u00e1ku na Pet\u0159in\u00e1ch.<\/p>\n<p><strong>Co v\u00e1m v roce 2018 nejv\u00edc chyb\u011blo?<\/strong><br \/>\nV l\u00e9t\u011b voda v \u0159ek\u00e1ch, v zim\u011b sn\u00edh. Celkov\u011b aktivn\u011bj\u0161\u00ed \u0159e\u0161en\u00ed zm\u011bny klimatu. Taky pen\u00edze na v\u00edc po\u0159ad\u016f na Voxpotu. A hlavn\u011b takov\u00e9 to n\u011bkolikadenn\u00ed letn\u00ed fl\u00e1k\u00e1n\u00ed se, kter\u00e9 si \u010dlov\u011bk ani nepamatuje, ale v\u00ed, \u017ee bylo dobr\u00e9.<\/p>\n<p><strong>V jak\u00e9 historick\u00e9m obdob\u00ed byste \u017eili nejrad\u011bji?<\/strong><br \/>\nV sou\u010dasnosti. Je to fakt divok\u00e1 doba. Ka\u017ed\u00fd m\u016f\u017ee b\u00fdt trochu James Bond nebo Rosa Parksov\u00e1 a po sv\u00e9m se pokusit zachr\u00e1nit sv\u011bt. T\u0159epe se to te\u010f \u00fapln\u011b v\u0161ude a za nedlouho budeme nov\u011b definovat sv\u011bt. I kdyby ne, tak m\u011b ta doba stejn\u011b bav\u00ed.<\/p>\n<p><strong>Co bychom m\u011bli d\u011blat pro to, aby v roce 2019 zase bylo dob\u0159e?<\/strong><br \/>\nV\u00edc se fl\u00e1kat, m\u00ed\u0148 se stresovat, bojovat proti nerovnostem a rozm\u011blnit roli n\u00e1rodn\u00edch st\u00e1t\u016f ve sv\u011btov\u00e9 politice.<\/p>\n<p><iframe loading=\"lazy\" width=\"480\" height=\"270\" src=\"https:\/\/www.youtube.com\/embed\/j_X_JXrZVO8\" frameborder=\"0\" allow=\"accelerometer; autoplay; encrypted-media; gyroscope; picture-in-picture\" allowfullscreen><\/iframe><\/p>\n<p>&nbsp;<\/p>\n<h3>Marie He\u0159manov\u00e1 \/ <a href=\"http:\/\/www.anthropictures.cz\/\" target=\"_blank\">Anthropictures<\/a><\/h3>\n<p><strong>Co si z roku 2018 budete pamatovat?<\/strong><br \/>\nKdy\u017e odmysl\u00edm, \u017ee tahle ot\u00e1zka je vlastn\u011b nezopdov\u011bditeln\u00e1 (proto\u017ee mn\u011b te\u010f t\u0159eba p\u0159ipad\u00e1, \u017ee si budu n\u011bco pamatovat, proto\u017ee je to v\u0161ecko ned\u00e1vno, ale a\u017e p\u0159ijde na to, \u017ee si n\u011bco fakt pamatuju, teda a\u017e bude rok 2018 d\u00e1vno a ne ned\u00e1vno, tak je klidn\u011b mo\u017en\u00fd, \u017ee si budu pamatovat n\u011bco jin\u00fdho, ne\u017e si te\u010f mysl\u00edm, \u017ee si budu pamatovat), tak si budu pamatovat (si mysl\u00edm, \u017ee si budu pamatovat) hlavn\u011b to, jak jsem vst\u00e1vala v 5 r\u00e1no a ve tm\u011b a zim\u011b psala akademick\u00fd veled\u00edlo, pak si budu pravd\u011bpodobn\u011b pamatovat polsk\u00fd kva\u0161\u00e1ky a v\u00edtr ve vlasech u Baltu, jak m\u011b hrozn\u011b bolely nohy v Central Parku v New Yorku, jak r\u00e1no na trhu k\u0159i\u010d\u00ed vietnamsk\u00fd babky v hedv\u00e1bn\u00fdch py\u017eamech a mo\u017en\u00e1 \u00fapln\u011b ze v\u0161eho nejv\u00edc si budu pamatovat okam\u017eik naprost\u00fdho zmaru, kdy\u017e jsem se v opu\u0161t\u011bn\u00fdm hotelu kousek od Biha\u010de v Bosn\u011b pokou\u0161ela obmotat dr\u00e1t\u011bnej plot plachtou s logama UNHCR a p\u0159itom jsem definitivn\u011b pochopila, \u017ee \u017eivot fakt nem\u00e1 smysl a i kdyby ten m\u016fj m\u011bl, tak je tu trochu moc t\u011bch dal\u0161\u00edch, jin\u00fdch \u017eivot\u016f, kter\u00fd smysl ztratily (a jako n\u00e1plast na ztr\u00e1tu smyslu se nab\u00edz\u00ed pouze z\u00e1novn\u00ed plachta s dobrosersk\u00fdm logem, aby na tu nesmyslnost nebylo vid\u011bt). Z toho v\u0161eho je vidno, \u017ee si z roku 2018 budu pamatovat hlavn\u011b moje osobn\u00ed okam\u017eiky v\u00edt\u011bzstv\u00ed a zmaru, proto\u017ee v roce 2018 jsem rezignovala na pamatov\u00e1n\u00ed si (a v\u016fbec ch\u00e1p\u00e1n\u00ed) ud\u00e1lost\u00ed jin\u00e9ho ne\u017e lok\u00e1ln\u00edho a osobn\u00edho v\u00fdznamu. Podle m\u011b je to t\u00edm, \u017ee v\u0161echny sv\u011btov\u00fd trag\u00e9die, kter\u00fd mohly nastat, u\u017e nastaly v roce 2017 a rok 2018 je prost\u011b jenom d\u016fkazem, \u017ee lidstvo si zvykne na jakejkoliv shit a bude se d\u00e1l v\u011bnovat osobn\u00edm bezv\u00fdznamn\u00fdm dramat\u016fm. A pak v\u0161ichni um\u0159em.<\/p>\n<p><strong>Co v\u00e1m v roce 2018 nejv\u00edc chyb\u011blo?<\/strong><br \/>\nDocela dost mi chyb\u011bly ro\u010dn\u00ed obdob\u00ed, hlavn\u011b jaro a podzim. A pak n\u00e1s taky v roce 2018 nejsp\u00ed\u0161 definitivn\u011b opustilo n\u011bkolik m\u00edst, kter\u00fd v m\u00fdm \u017eivot\u011b a rozvoji n\u00e1rodn\u00ed kultury \u010cesk\u00e9 republiky hr\u00e1ly podle m\u011b dost z\u00e1sadn\u00ed roli a opravdu je postr\u00e1d\u00e1m \u2013 z t\u011bch bych vyp\u00edchla hlavn\u011b bufet a \u0159eznictv\u00ed na rohu n\u00e1m\u011bst\u00ed v Kutn\u00e9 Ho\u0159e, kousek od kostela svat\u00fdho Jakuba, kam jsem chodila ka\u017edej \u010dtvrtek s d\u011bdou na gul\u00e1\u0161ovou pol\u00edvku v 10 dopoledne, byly tam mastn\u00fd fleky na zdech a rohl\u00edky se tam d\u00e1valy do takov\u00fdch t\u011bch \u010derven\u00fdch plastov\u00fdch ko\u0161\u00edk\u016f a nic tam nebylo my\u0161len\u00fd ironicky. \u0158eznictv\u00ed i bufet jsou te\u010f zav\u0159en\u00fd a hled\u00e1 se n\u00e1jemce a j\u00e1 se boj\u00edm j\u00edt p\u0159\u00ed\u0161t\u011b okolo. Tuhle ztr\u00e1tu pova\u017euju za nenahraditelnou a nevyl\u00e9\u010ditelnou.<\/p>\n<p><strong>V jak\u00e9 historick\u00e9m obdob\u00ed byste \u017eili nejrad\u011bji?<\/strong><br \/>\nNejsp\u00ed\u0161 v n\u011bkter\u00fdm z t\u011bch, kter\u00fd je\u0161t\u011b nenastaly. P\u0159\u00edtomnost u\u017e je taky histori\u00ed a j\u00e1 douf\u00e1m v historick\u00e1 obdob\u00ed, kde budou existovat rakety ve tvaru jednoro\u017ec\u016f a intergalaktick\u00e1 civilizace zalo\u017een\u00e1 na \u00fact\u011b ke kvalitn\u00ed literatu\u0159e (nebo tak n\u011bco).<\/p>\n<p><strong>Co bychom m\u011bli d\u011blat pro to, aby v roce 2019 zase bylo dob\u0159e?<\/strong><br \/>\nZap\u00e1lit ohn\u011b? Zni\u010dit kapitalismus? Uspo\u0159\u00e1dat revoluci? Ut\u00e9ct do les\u016f? Zap\u00e1lit lesy i kapitalismus? \u010cistit si ka\u017ed\u00fd ve\u010der zuby a hled\u011bt si sv\u00e9ho? Vypnout internety? Fakt nevim. <\/p>\n<p>&nbsp;<\/p>\n<h3>Michal Milko \/ <a href=\"http:\/\/sakraphon.cz\/novinky\/\" target=\"_blank\">Sakraphon<\/a><\/h3>\n<p><strong>Co si z roku 2018 budete pamatovat?<\/strong><br \/>\nNejsp\u00ed\u0161e prvn\u00ed koncerty m\u00e9ho nov\u00e9ho projektu Bolehlav a tak\u00e9 zji\u0161t\u011bn\u00ed, \u017ee bez alkoholu se d\u00e1 vydr\u017eet i v\u00edce jak 1 m\u011bs\u00edc.<\/p>\n<p><strong>Co v\u00e1m v roce 2018 nejv\u00edc chyb\u011blo?<\/strong><br \/>\nNev\u00edm jestli nejv\u00edce, ale znateln\u011b mi chyb\u011bla politick\u00e1 kultura, a\u0165 to zn\u00ed sebepitom\u011bji (Pitomio promine). M\u00edsto t\u00e9 zde bylo a\u017e p\u0159\u00edli\u0161 slabo\u0161stv\u00ed, bre\u010den\u00ed, ubohosti a trapnosti.<\/p>\n<p><strong>V jak\u00e9m historick\u00e9m obdob\u00ed byste \u017eili nejrad\u011bji?<\/strong><br \/>\nP\u0159esto\u017ee je v dne\u0161n\u00edm sv\u011bt\u011b spousta v\u011bc\u00ed, kter\u00e9 bych si p\u0159\u00e1l, aby byly jinak, nem\u011bnil bych. Je na n\u00e1s, abychom s jejich stavem n\u011bco d\u011blali. A sn\u011bn\u00ed o jin\u00e9 dob\u011b ni\u010demu nepom\u016f\u017ee.<\/p>\n<p><strong>Co bychom m\u011bli d\u011blat pro to, aby v roce 2019 zase bylo dob\u0159e?<\/strong><br \/>\nP\u0159edev\u0161\u00edm nev\u011b\u0159it t\u011bm, kte\u0159\u00ed slibuj\u00ed, \u017ee bude l\u00edp.<\/p>\n<p><iframe loading=\"lazy\" width=\"100%\" height=\"300\" scrolling=\"no\" frameborder=\"no\" allow=\"autoplay\" src=\"https:\/\/w.soundcloud.com\/player\/?url=https%3A\/\/api.soundcloud.com\/tracks\/542666823&#038;color=%23ff5500&#038;auto_play=false&#038;hide_related=false&#038;show_comments=true&#038;show_user=true&#038;show_reposts=false&#038;show_teaser=true&#038;visual=true\"><\/iframe><\/p>\n<p>&nbsp;<\/p>\n<h3>Karel Kouba \/ <a href=\"https:\/\/www.advojka.cz\/\" target=\"_blank\">A2<\/a><\/h3>\n<p><strong>Co si z roku 2018 budete pamatovat?<\/strong><br \/>\nV\u0161echny \u010dundry s bl\u00edzk\u00fdmi lidmi. Obzvl\u00e1\u0161t\u011b zimn\u00ed v\u00fdlet do vojensk\u00e9ho \u00fajezdu Hradi\u0161t\u011b, tedy do Doupovsk\u00fdch hor, v nich\u017e se n\u00e1m zjevily star\u00e9 sady opu\u0161t\u011bn\u00e9 v pades\u00e1t\u00fdch letech, ne\u010dekan\u00e9 v\u00fdhledy na Kru\u0161n\u00e9 hory, zbytky rozbo\u0159en\u00fdch bar\u00e1k\u016f, zarostl\u00e9 cesty a step, kter\u00e1 zbyla po jedn\u00e9 z nejmalebn\u011bj\u0161\u00edch kulturn\u00edch krajin, kter\u00e1 u n\u00e1s kdy byla.<br \/>\nD\u00e1le n\u011bkolik kyselinov\u00fdch v\u00fdlet\u016f (obzvl\u00e1\u0161t\u011b ten, jeho\u017e podstatn\u00e1 \u010d\u00e1st se odehr\u00e1vala v mo\u0159i) a hlavn\u011b no\u010dn\u00ed n\u00e1v\u0161t\u011bva Upsychu v ku\u0159\u00edvodsk\u00e9 tvrzi. Z\u00e1sadn\u00ed zku\u0161enost. Zbytky \u017eivot\u016f stovek lid\u00ed ve form\u011b tun bordelu, kter\u00fd oby\u010dejn\u011b kon\u010d\u00ed v lep\u0161\u00edch p\u0159\u00edpadech na p\u016fd\u00e1ch, v\u011bt\u0161inou v\u0161ak na smeti\u0161t\u00edch a ve spalovn\u00e1ch, zde jsou poskl\u00e1d\u00e1ny do p\u016fsobiv\u00fdch mandal, do tematick\u00fdch kompozic, kter\u00e9 funguj\u00ed jako muzeum trivialit za\u0161l\u00e9ho \u010dasu, sv\u00e9r\u00e1zn\u00e1 sb\u00edrka \u0161melcu i galerie marnosti.<\/p>\n<p><strong>Co v\u00e1m v roce 2018 nejv\u00edc chyb\u011blo?<\/strong><br \/>\nRozum. Pomalost. Kritick\u00e9 my\u0161len\u00ed. Respekt k lidem a hlavn\u011b k p\u0159\u00edrod\u011b.<\/p>\n<p><strong>V jak\u00e9 historick\u00e9m obdob\u00ed byste \u017eili nejrad\u011bji?<\/strong><br \/>\nV pleistoc\u00e9nu, ide\u00e1ln\u011b v tlup\u011b neandert\u00e1lc\u016f.<\/p>\n<p><strong>Co bychom m\u011bli d\u011blat pro to, aby v roce 2019 zase bylo dob\u0159e?<\/strong><br \/>\nM\u00ed\u0148 se hn\u00e1t, sna\u017eit a spot\u0159ebov\u00e1vat, rozpustit ztopo\u0159en\u00e1 ega i ambice a p\u0159estat uct\u00edvat zlat\u00e1 telata. M\u00edsto plo\u0161n\u00e9ho u\u017e\u00edv\u00e1n\u00ed stimulant\u016f, kter\u00e9 slou\u017e\u00ed jen jako lubrikanty kapitalismu, plo\u0161n\u011b p\u0159ej\u00edt na psychedelika. To jsou mj. p\u0159edpoklady toho, abychom \u017eili i po t\u011bch dvan\u00e1cti letech pom\u011brn\u011b klidn\u00e9 existence, kter\u00e9 n\u00e1m letos v \u0159\u00edjnu vym\u011b\u0159ila Zpr\u00e1va mezivl\u00e1dn\u00edho panelu OSN pro zm\u011bnu klimatu. Jen\u017ee je blbost si myslet, \u017ee to zachr\u00e1n\u00edme t\u00edm, \u017ee budeme je\u0161t\u011b v\u00edc recyklovat, vyh\u00fdbat se palmov\u00e9mu oleji, pou\u017e\u00edvat biokosmetiku, nakupovat v bezobalov\u00fdch obchodech a p\u0159estat j\u00edst vep\u0159o knedlo zelo. A\u010dkoliv jsou tyhle elit\u00e1\u0159sk\u00e9 liber\u00e1ln\u00ed hlasy st\u00e1le sly\u0161et, mus\u00edme si uv\u011bdomit, \u017ee tohle u\u017e v na\u0161ich sil\u00e1ch d\u00e1vno nen\u00ed. Proto bych skromn\u011b navrhoval svrhnout st\u00e1vaj\u00edc\u00ed oligarchick\u00fd korpor\u00e1tn\u00ed kapitalismus, kter\u00fd bezosty\u0161n\u011b drancuje Zemi i lidsk\u00e9 \u017eivoty, a nastolit n\u011bjak\u00fd zodpov\u011bdn\u011bj\u0161\u00ed syst\u00e9m.<\/p>\n<p>&nbsp;<\/p>\n<h3>Ji\u0159\u00ed \u0160pi\u010d\u00e1k \/ ex-<a href=\"https:\/\/wave.rozhlas.cz\/\" target=\"_blank\">radio Wave<\/a><\/h3>\n<p><strong>Co si z roku 2018 budete pamatovat?<\/strong><br \/>\nBezprecedentn\u00ed \u0161t\u011bst\u00ed v osobn\u00edm \u017eivot\u011b zkombinovan\u00fd se zoufal\u00fdm pracovn\u00edm marasmem. Vy\u0159e\u0161il jsem v\u00fdpov\u011bd\u00ed \u2013 je to skoro stejn\u011b dobrej pocit, jako nechat se vyhodit ze \u0161koly. Doporu\u010duju oboje. M\u016fj prvn\u00ed pes v \u017eivot\u011b! Dal\u0161\u00ed d\u016fkaz toho, jak m\u00e1lo m\u011b v roce 2018 zaj\u00edmal tzv. re\u00e1ln\u00fd sv\u011bt. P\u0159eb\u00fdv\u00e1m v ment\u00e1ln\u00ed ch\u00fd\u0161i.<\/p>\n<p><strong>Co v\u00e1m v roce 2018 nejv\u00edc chyb\u011blo?<\/strong><br \/>\nRadikalita my\u0161len\u00ed. Dementn\u00ed normalizace jede na v\u0161ech front\u00e1ch.<\/p>\n<p><strong>V jak\u00e9 historick\u00e9m obdob\u00ed byste \u017eili nejrad\u011bji?<\/strong><br \/>\nPofelil bych s Julianem Copem v liverpoolsk\u00fdm roce 1979, samoz\u0159ejm\u011b na podpo\u0159e.<\/p>\n<p><strong>Co bychom m\u011bli d\u011blat pro to, aby v roce 2019 zase bylo dob\u0159e?<\/strong><br \/>\nP\u0159estat kupovat p\u00ed\u010doviny a b\u00fdt na sebe hodn\u00ed. Komunismus u\u017e pak p\u0159ijde s\u00e1m.<br \/>\nMimochodem, tv\u016fj mail byl hned nad v\u00fdzvou ke \u010dlenstv\u00ed v akademii and\u011bl, n\u00e1dhera.<\/p>\n<p><a href=\"http:\/\/www.vagus.cz\/wp-content\/lahve_011.jpg\"><img loading=\"lazy\" decoding=\"async\" src=\"http:\/\/www.vagus.cz\/wp-content\/lahve_011.jpg\" alt=\"\" title=\"lahve_011\" width=\"480\" height=\"300\" class=\"alignnone size-full wp-image-10250\" srcset=\"https:\/\/www.vagus.cz\/wp-content\/lahve_011.jpg 800w, https:\/\/www.vagus.cz\/wp-content\/lahve_011-300x187.jpg 300w\" sizes=\"auto, (max-width: 480px) 100vw, 480px\" \/><\/a><\/p>\n<p>&nbsp;<\/p>\n<h3>Robert Bogs<\/h3>\n<p><strong>Co si z roku 2018 budete pamatovat?<\/strong><br \/>\nA co Ty si, pros\u00edm T\u011b, pamatuje\u0161 t\u0159eba z r. 2010? J\u00e1 nic. Na pamatov\u00e1n\u00ed m\u00e1m a) di\u00e1\u0159\u00ed\u010dky, kam si zaznamen\u00e1v\u00e1m v\u0161e d\u016fle\u017eit\u00e9 i m\u00e9n\u011b d\u016fle\u017eit\u00e9, ba i \u00fapln\u00e9 nicotnosti a b) \u2013 a to hlavn\u011b \u2013 fotografie resp. kontakty z negativ\u016f, kde je v\u0161e zachyceno v obraze. Z obecn\u00e9ho d\u011bn\u00ed si budu snad pamatovat znovuzvolen\u00ed ing. M. Zemana presidentem a ustaven\u00ed Babi\u0161ovy vl\u00e1dy plus r\u016fzn\u00e9 majdanoidn\u00ed reakce m\u011b\u0161\u0165\u00e1ctva a inteligence na tyto ud\u00e1losti.<\/p>\n<p><strong>Co v\u00e1m v roce 2018 nejv\u00edc chyb\u011blo?<\/strong><br \/>\nChyb\u011blo mi \u00fapln\u011b to sam\u00e9, co posledn\u00edch cca 30 let, podrobn\u011bji v m\u00fdch \u010dl\u00e1nc\u00edch a interviewech.<\/p>\n<p><strong>V jak\u00e9 historick\u00e9m obdob\u00ed byste \u017eili nejrad\u011bji?<\/strong><br \/>\nCht\u011bl bych se narodit kolem roku 1890 a um\u0159\u00edt 1980.<\/p>\n<p><strong>Co bychom m\u011bli d\u011blat pro to, aby v roce 2019 zase bylo dob\u0159e?<\/strong><br \/>\nV roce 2019 ZASE dob\u0159e nebude, i kdybychom si dali nohu za krk, leda \u017ee by se stal z\u00e1zrak \u2013 nap\u0159. Druh\u00fd p\u0159\u00edchod J. Krista, opanov\u00e1n\u00ed Zem\u011b dobr\u00fdmi a spravedliv\u00fdmi mimozem\u0161\u0165any \u010di samovoln\u00e9 v\u0161eobecn\u00e9 zmoud\u0159en\u00ed st\u00e1vaj\u00edc\u00edho homo debiliens imbeciliensis. Co ale m\u016f\u017ee ud\u011blat ka\u017ed\u00fd, je toto: odbourat zbyte\u010dnou spot\u0159ebu a zbyte\u010dn\u00e9 cestov\u00e1n\u00ed, vyh\u00fdbat se digit\u00e1ln\u00edm technologi\u00edm, neposlouchat globalistickou a liber\u00e1ln\u00ed propagandu, vyh\u00fdbat se v\u0161emu n\u00edzk\u00e9mu a sprost\u00e9mu (zejm. spole\u010dnosti), neplodit pokud mo\u017eno \u017e\u00e1dn\u00e9 dal\u0161\u00ed ne\u0161\u0165astn\u00edky a konsumenty a v\u011bnovat se u\u0161lechtil\u00fdm, ducha povzn\u00e1\u0161ej\u00edc\u00edm v\u011bd\u00e1m \u010di um\u011bn\u00edm.<\/p>\n<p>&nbsp;<\/p>\n<h3>Krist\u00fdna Barto\u0161ov\u00e1 \/ <a href=\"https:\/\/dokweb.net\/cs\/\" target=\"_blank\">Institut dokument\u00e1rn\u00edho filmu<\/a><\/h3>\n<p>Co si z roku 2018 budete pamatovat?<br \/>\nEster Ledeckou na olympi\u00e1d\u011b a \u010detbu trilogie Vzpom\u00ednka na Zemi.<\/p>\n<p><strong>Co v\u00e1m v roce 2018 nejv\u00edc chyb\u011blo?<\/strong><br \/>\nJak\u00e9koli volby, po kter\u00fdch by \u010dlovek nem\u011bl atak \u00fazkosti.<\/p>\n<p><strong>V jak\u00e9 historick\u00e9m obdob\u00ed byste \u017eili nejrad\u011bji?<\/strong><br \/>\nJ\u00e1 jsem naprosto spokojen\u00e1 tam, kde jsem. <\/p>\n<p><strong>Co bychom m\u011bli d\u011blat pro to, aby v roce 2019 zase bylo dob\u0159e?<\/strong><br \/>\nTo je jednoduch\u00fd, sna\u017eit se b\u00fdt pozitivn\u00ed a m\u00edt r\u00e1d (kohokoli a cokoli). Kdy\u017e se to od n\u00e1s bude s\u00ed\u0159it k ostatn\u00edm, mo\u017ena nebude p\u0159imo dob\u0159e, ale rozhodn\u011b bude l\u00edp.<\/p>\n<p>&nbsp;<\/p>\n<h3>Viktor Pal\u00e1k \/ <a href=\"https:\/\/www.the-aardvark.cz\/\" target=\"_blank\">Aardvark<\/a>, Jednota<\/h3>\n<p><strong>Co si z roku 2018 budete pamatovat?<\/strong><br \/>\n<a href=\"http:\/\/www.vagus.cz\/?p=9907\" target=\"_blank\">Turn\u00e9 po n\u00e1dra\u017ek\u00e1ch<\/a> na Slov\u00e1cku a velk\u00e9 fin\u00e1le v\u00a0Konibaru. Vystoupen\u00ed Jpegmafia a Bliss Signal na festivalu Le Guess Who?. Koncerty, kter\u00e9 jsme d\u00e1vali dohromady s\u00a0kamar\u00e1dy z\u00a0Jednoty. Povod\u00ed Oh\u0159e.<\/p>\n<p><strong>Co v\u00e1m v roce 2018 nejv\u00edc chyb\u011blo?<\/strong><br \/>\nSchopnost lid\u00ed p\u0159em\u00fd\u0161let v\u00a0souvislostech, anebo alespo\u0148 snaha o to. Klid. Odvaha.<\/p>\n<p><strong>V jak\u00e9m historick\u00e9m obdob\u00ed byste \u017eili nejrad\u011bji?<\/strong><br \/>\nD\u0159\u00edve jsem \u0159\u00edkal, \u017ee bych cht\u011bl \u017e\u00edt ve stejn\u00e9 dob\u011b (a stejn\u011b dlouho) jako Hercule Poirot, pak jsem to dopl\u0148oval dou\u0161kou \u201ejako Hercule Poirot v\u00a0jeho soci\u00e1ln\u00edm postaven\u00ed\u201c, te\u010f jsem ve f\u00e1zi usilovn\u00e9 snahy \u017e\u00edt takzvan\u011b tady a te\u010f. A taky by mi nevadilo \u017e\u00edt v\u00a0obdob\u00ed takov\u00e9ho ment\u00e1ln\u00edho nastaven\u00ed, abych netrval na jednol\u016f\u017ekov\u00fdch pokoj\u00edch s\u00a0vlastn\u00edm soci\u00e1ln\u00edm za\u0159\u00edzen\u00edm, a tedy mohl m\u00edt kapelu.<\/p>\n<p><strong>Co bychom m\u011bli d\u011blat pro to, aby v roce 2019 zase bylo dob\u0159e?<\/strong><br \/>\nVe\u0161ker\u00e1 snaha je marn\u00e1, tak\u017ee alespo\u0148 hojn\u011b nav\u0161t\u011bvujme putyky a \u0161pelu\u0148ky v\u0161eho druhu, proto\u017ee v\u00a0nich je skute\u010dn\u011b dob\u0159e, anebo se to za oparem z\u00a0n\u00e1poj\u016f alespo\u0148 zd\u00e1. A jeliko\u017e v\u00a0\u010cech\u00e1ch zav\u00edr\u00e1 jeden n\u00e1dra\u017en\u00ed lok\u00e1l za druh\u00fdm (\u010dest v\u00fdjimce v Ostrom\u011b\u0159i), zkusme o dobr\u00e9 \u017eit\u00ed usilovat p\u0159esunem na Moravu. T\u0159eba do Ostravy, kde na v\u00edtkovick\u00e9m n\u00e1dra\u017e\u00ed p\u0159edvedli uk\u00e1zkov\u00fd rebranding, kdy\u017e n\u00e1pis \u201eTRAFIKA\u201c doplnili slovem \u201eB\u00ddVAL\u00c1\u201c a jali se nal\u00e9vat lihoviny.<\/p>\n<p><iframe loading=\"lazy\" width=\"480\" height=\"270\" src=\"https:\/\/www.youtube.com\/embed\/mVWS3ACSoh8\" frameborder=\"0\" allow=\"accelerometer; autoplay; encrypted-media; gyroscope; picture-in-picture\" allowfullscreen><\/iframe><\/p>\n<p>&nbsp;<\/p>\n<h3>Petr Si\u010d \/ <a href=\"https:\/\/sharedteagarden.wixsite.com\/zahrada\" target=\"_blank\">Sd\u00edlen\u00e1 \u010dajov\u00e1 zahrada<\/a><\/h3>\n<p><strong>Co si z roku 2018 budete pamatovat?<\/strong><br \/>\nT\u00fd jo, j\u00e1 mysl\u00edm, \u017ee si budu&#8230; asi to, na co si vzpomenu. A poka\u017ed\u00e9 to bude to, na co se bude n\u011bkdo pt\u00e1t. Ale jako nejv\u00edc? Pohoda v Thajsku, bl\u00e1znivost Rainbow&#8230;  <\/p>\n<p><strong>Co v\u00e1m v roce 2018 nejv\u00edc chyb\u011blo?<\/strong><br \/>\nOb\u010das krut\u011b pen\u00edze, n\u011bkdy \u010das, jindy energie? A te\u010f mi hraje v hlav\u011b: Kamar\u00e1d mi sch\u00e1z\u00ed st\u00e1le v\u00edc&#8230; <\/p>\n<p><strong>V jak\u00e9 historick\u00e9m obdob\u00ed byste \u017eili nejrad\u011bji?<\/strong><br \/>\nMne tohle obdob\u00ed bav\u00ed. M\u00e1m s\u00e1mo n\u011bjak\u00e9 touhy, ale p\u0159ijde mi, \u017ee to jsou jen p\u0159edstavy. Tohle te\u010f je zaj\u00edmav\u00fd. <\/p>\n<p><strong>Co bychom m\u011bli d\u011blat pro to, aby v roce 2019 zase bylo dob\u0159e?<\/strong><br \/>\nTe\u010f zrovna \u010dtu knihu <em>Revoluce jednoho st\u00e9bla<\/em>. A ta \u0159\u00edk\u00e1: Pet\u0159e, ned\u011blej nic. Jen\u017ee to se mi nechce. Vono kdy\u017e m\u00e1 jeden chu\u0165 m\u011bnit sv\u011bt, tak m\u00e1 pocit, \u017ee nic k ni\u010demu nevede. Je\u0161t\u011b mi chyb\u00ed moudrost starejch Japonc\u016f. Tak\u017ee si mysl\u00edm, \u017ee bychom m\u011bli v\u00edc milovat, d\u011blat, to co chcem&#8230; No mo\u017en\u00e1 tyhle prdy tam nepi\u0161. <\/p>\n","protected":false},"excerpt":{"rendered":"<p>Jak\u00fd byl pr\u00e1v\u011b kon\u010d\u00edc\u00ed rok s po\u0159adov\u00fdm \u010d\u00edslem 2018? Co v n\u011bm bylo nejzaj\u00edmav\u011bj\u0161\u00ed, nejbizarn\u011bj\u0161\u00ed a co nejv\u00edc na hovno? A kam sm\u011b\u0159uje vezdej\u0161\u00ed sv\u011bt v roce 2019? Uplynul\u00fd rok hodnot\u00ed na\u0161i kolegov\u00e9, zn\u00e1m\u00ed, p\u0159\u00e1tel\u00e9 a p\u0159\u00edbuzn\u00ed.<\/p>\n","protected":false},"author":1,"featured_media":0,"comment_status":"open","ping_status":"closed","sticky":false,"template":"","format":"standard","meta":{"footnotes":""},"categories":[10],"tags":[],"class_list":["post-10231","post","type-post","status-publish","format-standard","hentry","category-image-je-vsechno"],"_links":{"self":[{"href":"https:\/\/www.vagus.cz\/index.php?rest_route=\/wp\/v2\/posts\/10231","targetHints":{"allow":["GET"]}}],"collection":[{"href":"https:\/\/www.vagus.cz\/index.php?rest_route=\/wp\/v2\/posts"}],"about":[{"href":"https:\/\/www.vagus.cz\/index.php?rest_route=\/wp\/v2\/types\/post"}],"author":[{"embeddable":true,"href":"https:\/\/www.vagus.cz\/index.php?rest_route=\/wp\/v2\/users\/1"}],"replies":[{"embeddable":true,"href":"https:\/\/www.vagus.cz\/index.php?rest_route=%2Fwp%2Fv2%2Fcomments&post=10231"}],"version-history":[{"count":12,"href":"https:\/\/www.vagus.cz\/index.php?rest_route=\/wp\/v2\/posts\/10231\/revisions"}],"predecessor-version":[{"id":10256,"href":"https:\/\/www.vagus.cz\/index.php?rest_route=\/wp\/v2\/posts\/10231\/revisions\/10256"}],"wp:attachment":[{"href":"https:\/\/www.vagus.cz\/index.php?rest_route=%2Fwp%2Fv2%2Fmedia&parent=10231"}],"wp:term":[{"taxonomy":"category","embeddable":true,"href":"https:\/\/www.vagus.cz\/index.php?rest_route=%2Fwp%2Fv2%2Fcategories&post=10231"},{"taxonomy":"post_tag","embeddable":true,"href":"https:\/\/www.vagus.cz\/index.php?rest_route=%2Fwp%2Fv2%2Ftags&post=10231"}],"curies":[{"name":"wp","href":"https:\/\/api.w.org\/{rel}","templated":true}]}}