{"id":1086,"date":"2011-05-16T17:46:15","date_gmt":"2011-05-16T16:46:15","guid":{"rendered":"http:\/\/www.vagus.cz\/?p=1086"},"modified":"2013-05-02T08:47:01","modified_gmt":"2013-05-02T07:47:01","slug":"a-mame-tu-novy-katalog","status":"publish","type":"post","link":"https:\/\/www.vagus.cz\/?p=1086","title":{"rendered":"A m\u00e1me tu nov\u00fd katalog&#8230;"},"content":{"rendered":"<p><a href=\"http:\/\/www.vagus.cz\/2011\/05\/16\/a-mame-tu-novy-katalog\/\"><img loading=\"lazy\" decoding=\"async\" src=\"http:\/\/www.vagus.cz\/shop\/img\/DSC_1485.jpg\" alt=\"\" width=\"500\" height=\"375\" \/><\/a><\/p>\n<p>\u2026 katalog cestovn\u00ed kancel\u00e1\u0159e Fischer Reisen z roku 93, lehce \u0161mrncnut\u00fd nezapomenutelnou v\u00fdchodon\u011bmeckou estetikou let sedmdes\u00e1t\u00fdch. Ano, dovolujeme si v\u00e1m p\u0159edstavit zcela novou m\u00f3dn\u00ed v\u00e1guskolekci!<\/p>\n<p><!--more-->Op\u011bt jsme pro v\u00e1s vybrali nejorigin\u00e1ln\u011bj\u0161\u00ed od\u011bvy z nejvyhl\u00e1\u0161en\u011bj\u0161\u00edch obchod\u016f druh\u00e9 ruky i ze soukrom\u00fdch zdroj\u016f. A v\u011b\u0159te n\u00e1m, \u017ee tentokr\u00e1t jsme se opravdu sna\u017eili, tak\u017ee si m\u016f\u017eete vyb\u00edrat mezi vskutku vype\u010den\u00fdmi kousky. V n\u011b\u010dem podobn\u00e9m toti\u017e jen tak n\u011bkoho nepotk\u00e1te\u2026<\/p>\n<p>Jenom tak prod\u00e1vat d\u00e1l pou\u017eit\u00e9 zbo\u017e\u00ed n\u00e1s ale nebav\u00ed, a tak n\u00e1\u0161 m\u00f3dn\u00ed design\u00e9r monsieur NP p\u0159i\u0161el se dv\u011bma geni\u00e1ln\u00edmi nov\u00fdmi potisky. \u010c\u00e1st kolekce zdob\u00ed nejv\u011bt\u0161\u00ed tureck\u00fd, n\u011bmeck\u00fd\u2026  a vlastn\u011b panevropsk\u00fd hrdina \u2013 <a href=\"http:\/\/nd01.jxs.cz\/445\/155\/a41e84226b_35846331_o2.jpg\" target=\"_blank\">Semir Gerkhan<\/a>! M\u00e1loco symbolizuje jeden ze slogan\u016f v\u00e1gus.cz <em>Zvr\u00e1cen\u00e1 strana \u017eivota<\/em> tak dob\u0159e jako n\u011bmeck\u00e9 detektivn\u00ed seri\u00e1ly, tak\u017ee Semir si m\u00edsto na na\u0161em\/va\u0161em oble\u010den\u00ed jednozna\u010dn\u011b zaslou\u017e\u00ed.<\/p>\n<p>Ani pro tentokr\u00e1te jsme nezapomn\u011bli na fanou\u0161ky cyklistiky. Na sv\u00e9 si p\u0159ijdou obzvl\u00e1\u0161t\u011b milovnice kol a lesn\u00ed zv\u011b\u0159e, cool KOLOu\u0161kovsk\u00fd motiv ale nezklame nikoho. Pro velk\u00fd \u00fasp\u011bch na \u0159ad\u011b na\u0161ich had\u0159\u00edk\u016f najdete tak\u00e9 obl\u00edben\u00fd potisk z minul\u00e9 cyklokolekce a samoz\u0159ejm\u011b nechyb\u00ed ani v\u00e1gus vlajka.<\/p>\n<p>V\u0161echno si m\u016f\u017eete v klidu prohl\u00e9dnout <a href=\"http:\/\/www.vagus.cz\/shop\/?sel=27,28,29,30,31,32,33,34,35,36,37,38,39\" target=\"_blank\"><strong>v obchod\u011b<\/strong><\/a> a hned objedn\u00e1vat. Sta\u010d\u00ed napsat <a href=\"mailto:knjaz.milos@vagus.cz\">mail<\/a> a my v\u00e1m vyjdeme maxim\u00e1ln\u011b vst\u0159\u00edc! Pozor \u2013 nafocen je zat\u00edm jen zlomek kolekce, t\u011b\u0161te se je\u0161t\u011b na \u0159adu kus\u016f v\u0161ech barev a velikost\u00ed (v\u010detn\u011b miminkovsk\u00fdch). R\u00e1di v\u00e1m tak\u00e9 jak\u00fdkoliv motiv vytiskneme na oble\u010den\u00ed, kter\u00e9 n\u00e1m dod\u00e1te.<\/p>\n<p>A m\u016f\u017eeme v\u00e1m zaru\u010dit, \u017ee n\u00e1s s ve\u0161ker\u00fdm zbo\u017e\u00edm znovu brzy uvid\u00edte i na n\u011bjak\u00e9 vyda\u0159en\u00e9 akci\u2026<\/p>\n<p>V\u00e1gus\u00ed obchod najdete <a href=\"http:\/\/www.vagus.cz\/shop\/?sel=27,28,29,30,31,32,33,34,35,36,37,38,39\" target=\"_blank\"><strong>ZDE<\/strong><\/a>.<\/p>\n","protected":false},"excerpt":{"rendered":"<p>\u2026 katalog cestovn\u00ed kancel\u00e1\u0159e Fischer Reisen z roku 93, lehce \u0161mrncnut\u00fd nezapomenutelnou v\u00fdchodon\u011bmeckou estetikou let sedmdes\u00e1t\u00fdch. Ano, dovolujeme si v\u00e1m p\u0159edstavit zcela novou m\u00f3dn\u00ed v\u00e1guskolekci!<\/p>\n","protected":false},"author":6,"featured_media":0,"comment_status":"open","ping_status":"open","sticky":false,"template":"","format":"standard","meta":{"footnotes":""},"categories":[10],"tags":[14],"class_list":["post-1086","post","type-post","status-publish","format-standard","hentry","category-image-je-vsechno","tag-betla"],"_links":{"self":[{"href":"https:\/\/www.vagus.cz\/index.php?rest_route=\/wp\/v2\/posts\/1086","targetHints":{"allow":["GET"]}}],"collection":[{"href":"https:\/\/www.vagus.cz\/index.php?rest_route=\/wp\/v2\/posts"}],"about":[{"href":"https:\/\/www.vagus.cz\/index.php?rest_route=\/wp\/v2\/types\/post"}],"author":[{"embeddable":true,"href":"https:\/\/www.vagus.cz\/index.php?rest_route=\/wp\/v2\/users\/6"}],"replies":[{"embeddable":true,"href":"https:\/\/www.vagus.cz\/index.php?rest_route=%2Fwp%2Fv2%2Fcomments&post=1086"}],"version-history":[{"count":1,"href":"https:\/\/www.vagus.cz\/index.php?rest_route=\/wp\/v2\/posts\/1086\/revisions"}],"predecessor-version":[{"id":4772,"href":"https:\/\/www.vagus.cz\/index.php?rest_route=\/wp\/v2\/posts\/1086\/revisions\/4772"}],"wp:attachment":[{"href":"https:\/\/www.vagus.cz\/index.php?rest_route=%2Fwp%2Fv2%2Fmedia&parent=1086"}],"wp:term":[{"taxonomy":"category","embeddable":true,"href":"https:\/\/www.vagus.cz\/index.php?rest_route=%2Fwp%2Fv2%2Fcategories&post=1086"},{"taxonomy":"post_tag","embeddable":true,"href":"https:\/\/www.vagus.cz\/index.php?rest_route=%2Fwp%2Fv2%2Ftags&post=1086"}],"curies":[{"name":"wp","href":"https:\/\/api.w.org\/{rel}","templated":true}]}}