{"id":1087,"date":"2011-05-17T23:17:26","date_gmt":"2011-05-17T22:17:26","guid":{"rendered":"http:\/\/www.vagus.cz\/?p=1087"},"modified":"2013-05-13T09:14:38","modified_gmt":"2013-05-13T08:14:38","slug":"svate-naddrevo","status":"publish","type":"post","link":"https:\/\/www.vagus.cz\/?p=1087","title":{"rendered":"Svat\u00e9 Nadd\u0159evo"},"content":{"rendered":"<p><a href=\"http:\/\/www.vagus.cz\/2011\/05\/17\/svate-naddrevo\/\"><img loading=\"lazy\" decoding=\"async\" src=\"http:\/\/www.vagus.cz\/wp-content\/oberholz_625.jpg\" alt=\"\" width=\"500\" height=\"276\" \/><\/a><\/p>\n<p><strong>NP<\/strong>: Tro\u0161ku pr\u016fser. N\u011bjak\u00fdm nedopat\u0159en\u00edm jsem se asi ocitl v z\u00e1kaznick\u00e9m centru Applu. Na\u0161t\u011bst\u00ed je tu se mnou KZ, kter\u00e1 p\u0159e\u010detla n\u011bkolik knih o \u017eivot\u011b sal\u00f3nn\u00edch intelektu\u00e1l\u016f, a tak se vyzn\u00e1. Tak\u017ee kam jsem se to sakra zase dostal?<\/p>\n<p><!--more--><strong>KZ<\/strong>: To je berl\u00ednsk\u00e1 internetov\u00e1 kav\u00e1rna <strong>Sankt Oberholz<\/strong>. Koncentrace sal\u00f3nn\u00edch intelektu\u00e1l\u016f je zde tak vysok\u00e1, \u017ee jsme se o tom dokonce u\u010dili na univerzit\u011b. Jedna z profesorek prov\u00e1d\u011bla v t\u00e9to kav\u00e1rn\u011b v\u011bdeck\u00e9 pozorov\u00e1n\u00ed. J\u00e1 jsem vypozorovala asi tolik, \u017ee kdo nem\u00e1 jab\u010d\u00e1ck\u00fd compl, je outsider, a \u017ee nejdramati\u010dt\u011bj\u0161\u00ed interakce mezi n\u00e1v\u0161t\u011bvn\u00edky prob\u00edh\u00e1 p\u0159i fightech o voln\u00e9 z\u00e1suvky. To ani sal\u00f3nn\u00ed intelektu\u00e1l nezn\u00e1 bratra. Na\u0161e pozorovn\u00e1n\u00ed ov\u0161em zcela p\u0159ehlu\u0161il fakt, \u017ee v tomto podniku na z\u00e1chodech pou\u0161t\u00ed kazety angli\u010dtiny pro samouky&#8230; O bio k\u00e1v\u011b, bio pokrmech a Bion\u00e1d\u011b ani nemluv\u011b. Tyto n\u00e1poje jsou zde asi dvakr\u00e1t dra\u017e\u0161\u00ed ne\u017e oby\u010dejn\u011b, aby se podnik s takovou spot\u0159ebou elekt\u0159iny v\u016fbec u\u017eivil. Sal\u00f3nn\u00ed intelektu\u00e1l toti\u017e m\u00e1lo konzumuje, ale zato hodn\u011b chatuje.<\/p>\n<p><strong>NP<\/strong>: Jak\u00fd n\u00e1poj te\u010f mezi berl\u00ednsk\u00fdm sal\u00f3nn\u00edm intelektu\u00e1lstvem let\u00ed nejv\u00edc? V t\u00e9 nab\u00eddce jsem se a\u017e skoro ztratil&#8230;<\/p>\n<p><strong>KZ<\/strong>: Zde mus\u00edme nutn\u011b upustit od alkoholu! Salonn\u00ed intelektu\u00e1lov\u00e9 a intelektu\u00e1lky nepij\u00ed! N\u011bmeck\u00e9 pivo je p\u0159\u00edli\u0161 tradi\u010dn\u00ed a dobr\u00e9 v\u00edno pouze importovan\u00e9. Nic ale nezkaz\u00edme tradi\u010dn\u00ed trojkou n\u011bmeck\u00fdch limon\u00e1d. Na prvn\u00edm m\u00edst\u011b je <em>Club Mat\u00e9<\/em>, jemn\u011b bublinkuj\u00edc\u00ed ledov\u00fd \u010daj ve vratn\u00fdch p\u016fllitrov\u00fdch lahv\u00edch, kter\u00e9 pak SI\u010dka nos\u00ed napln\u011bn\u00e9 vodou m\u00edsto PETek v ko\u017een\u00fdch bra\u0161n\u00e1ch.<\/p>\n<p><strong>NP<\/strong>: To je zaj\u00edmav\u00e9. Znamen\u00e1 to, \u017ee SI krom\u011b dr\u00e1hov\u00e9 cyklistiky holduj\u00ed i jin\u00fdm sport\u016fm, v tomto p\u0159\u00edpad\u011b vzp\u00edr\u00e1n\u00ed? A nen\u00ed n\u00e1hodou sklen\u011bn\u00e1 l\u00e1hev atributem pravi\u010d\u00e1k\u016f, jak tvrd\u00ed <a href=\"http:\/\/web.quick.cz\/rvanhorne\/lidovky.htm\" target=\"_blank\">n\u00e1\u0161 pan prezident<\/a>?<\/p>\n<p><strong>KZ<\/strong>: Nev\u00edm, co tvrd\u00ed pan K., ov\u0161em zde plat\u00ed, \u017ee plast je zlo a konzum. Proto je povolen pouze u \u0161perk\u016f a ne u p\u0159edm\u011bt\u016f denn\u00ed spot\u0159eby.<\/p>\n<p><strong>NP<\/strong>: Dobr\u00e1. Co tedy zbyl\u00ed dva \u010dlenov\u00e9 n\u00e1pojov\u00e9 svat\u00e9 trojice?<\/p>\n<p><strong>KZ<\/strong>: T\u011bsn\u011b v z\u00e1v\u011bsu za <em>Club Mat\u00e9<\/em> je <em>Bionade<\/em> prod\u00e1van\u00e1 ve t\u0159etink\u00e1ch s rozli\u010dn\u00fdmi p\u0159\u00edchut\u011bmi (li-tschi, \u010dern\u00fd bez a dal\u0161\u00ed net\u0159adi\u010dn\u00ed p\u0159\u00edsady). Trojici uzav\u00edr\u00e1 <em>Fritz Cola<\/em> (nepl\u00e9st si pros\u00edm s Fritzlem) p\u016fvodem z Hamburku, co\u017e je jedin\u00fd colov\u00fd n\u00e1poj, kter\u00fd sm\u00ed SI\u010dka poz\u0159\u00edt. Aspo\u0148 tedy na ve\u0159ejnosti.<\/p>\n<p><strong>NP<\/strong>: V souvislosti s Hamburkem m\u011b napad\u00e1 jedna ot\u00e1zka. Je-li ofici\u00e1ln\u00edm n\u00e1pojem p\u0159\u00edznivc\u016f St. Pauli m\u00edstn\u00ed houba s n\u00e1zvem <em>Kalte Muschi<\/em> (srbsky <em>hladna pi\u010dka<\/em>), znamen\u00e1 to, \u017ee Fritzla pij\u00ed fanou\u0161ci HSV?<\/p>\n<p><strong>KZ<\/strong>: B\u011b\u017e do h\u00e1je. V\u00ed\u0161, \u017ee jsem intelektu\u00e1lka a fotbal m\u011b nezaj\u00edm\u00e1. J\u00e1 zn\u00e1m jen Sankt Pauli, proto\u017ee o n\u011bm zp\u00edv\u00e1 Hugo Toxx a taky proto\u017ee Sankt Pauli tady fand\u00ed ka\u017ed\u00fd, i kdy\u017e nem\u00e1 r\u00e1d fotbal.<\/p>\n<p><strong>NP<\/strong>: To je jasn\u00e9. T\u00fdmu <a href=\"http:\/\/www.fcstpauli.com\/\" target=\"_blank\">v hn\u011bd\u00fdch dresech<\/a> mus\u00ed fandit ka\u017ed\u00fd, kdo je aspo\u0148 trochu links radikal und alternativ.<\/p>\n<p><strong>KZ<\/strong>: Jist\u011b. To proto, \u017ee v\u0161echny barvy krom\u011b hn\u011bd\u00e9 si u\u017e rozebraly nadn\u00e1rodn\u00ed korporace.<\/p>\n<p><strong>NP<\/strong>: D\u00edky za rozhovor. Jen bych se na z\u00e1v\u011br cht\u011bl omluvit, \u017ee jej p\u0159episuji na PC a nikoli na Applu. Ne\u010dek\u00e1 m\u011b za to exkomunikace z Berl\u00edna?<\/p>\n<p><strong>KZ<\/strong>: Pokud zachov\u00e1\u0161 dress code a doraz\u00ed\u0161 zase v olck\u016flov\u00e9 mikin\u011b ze <a href=\"http:\/\/www.vagus.cz\/2010\/04\/11\/zivot-zacina-v-devadesati\/\" target=\"_blank\">senior bazaru<\/a>, bude to v cajku. Nav\u00edc m\u00e1\u0161 skv\u011bl\u00fd icebreaker na salonn\u00ed intelektu\u00e1lky. &#8220;Jsem kluk z v\u00fdchodn\u00ed Evropy! Jak se pracuje na t\u011bch va\u0161ich jable\u010dn\u00fdch stroj\u00edch?&#8221;<\/p>\n<div id='gallery-1' class='gallery galleryid-1087 gallery-columns-3 gallery-size-thumbnail'><figure class='gallery-item'>\n\t\t\t<div class='gallery-icon landscape'>\n\t\t\t\t<a href='https:\/\/www.vagus.cz\/wp-content\/\/www\/sites\/7\/site17437\/public_html\/wp-content\/oberholz_625.jpg'><img loading=\"lazy\" decoding=\"async\" width=\"150\" height=\"150\" src=\"https:\/\/www.vagus.cz\/wp-content\/\/www\/sites\/7\/site17437\/public_html\/wp-content\/oberholz_625-150x150.jpg\" class=\"attachment-thumbnail size-thumbnail\" alt=\"\" sizes=\"auto, 100vw\" \/><\/a>\n\t\t\t<\/div><\/figure><figure class='gallery-item'>\n\t\t\t<div class='gallery-icon landscape'>\n\t\t\t\t<a href='https:\/\/www.vagus.cz\/wp-content\/\/www\/sites\/7\/site17437\/public_html\/wp-content\/oberholz_626.jpg'><img loading=\"lazy\" decoding=\"async\" width=\"150\" height=\"150\" src=\"https:\/\/www.vagus.cz\/wp-content\/\/www\/sites\/7\/site17437\/public_html\/wp-content\/oberholz_626-150x150.jpg\" class=\"attachment-thumbnail size-thumbnail\" alt=\"\" sizes=\"auto, 100vw\" \/><\/a>\n\t\t\t<\/div><\/figure><figure class='gallery-item'>\n\t\t\t<div class='gallery-icon landscape'>\n\t\t\t\t<a href='https:\/\/www.vagus.cz\/wp-content\/\/www\/sites\/7\/site17437\/public_html\/wp-content\/oberholz_631.jpg'><img loading=\"lazy\" decoding=\"async\" width=\"150\" height=\"150\" src=\"https:\/\/www.vagus.cz\/wp-content\/\/www\/sites\/7\/site17437\/public_html\/wp-content\/oberholz_631-150x150.jpg\" class=\"attachment-thumbnail size-thumbnail\" alt=\"\" sizes=\"auto, 100vw\" \/><\/a>\n\t\t\t<\/div><\/figure>\n\t\t<\/div>\n\n<div id=\"fb-root\"><\/div>\n<p><script src=\"http:\/\/connect.facebook.net\/en_US\/all.js#xfbml=1\"><\/script><fb:like href=\"http:\/\/www.vagus.cz\/?p=1087\" send=\"true\" font=\"\"><\/fb:like><\/p>\n","protected":false},"excerpt":{"rendered":"<p>NP: Tro\u0161ku pr\u016fser. N\u011bjak\u00fdm nedopat\u0159en\u00edm jsem se asi ocitl v z\u00e1kaznick\u00e9m centru Applu. Na\u0161t\u011bst\u00ed je tu se mnou KZ, kter\u00e1 p\u0159e\u010detla n\u011bkolik knih o \u017eivot\u011b sal\u00f3nn\u00edch intelektu\u00e1l\u016f, a tak se vyzn\u00e1. Tak\u017ee kam jsem se to sakra zase dostal?<\/p>\n","protected":false},"author":4,"featured_media":0,"comment_status":"open","ping_status":"open","sticky":false,"template":"","format":"standard","meta":{"footnotes":""},"categories":[58,7,3],"tags":[57,26,12,76],"class_list":["post-1087","post","type-post","status-publish","format-standard","hentry","category-ich-bin-berlin","category-sukovice","category-vagusuv-denik","tag-berlin","tag-kz","tag-npyrin","tag-salonni-intelektualove"],"_links":{"self":[{"href":"https:\/\/www.vagus.cz\/index.php?rest_route=\/wp\/v2\/posts\/1087","targetHints":{"allow":["GET"]}}],"collection":[{"href":"https:\/\/www.vagus.cz\/index.php?rest_route=\/wp\/v2\/posts"}],"about":[{"href":"https:\/\/www.vagus.cz\/index.php?rest_route=\/wp\/v2\/types\/post"}],"author":[{"embeddable":true,"href":"https:\/\/www.vagus.cz\/index.php?rest_route=\/wp\/v2\/users\/4"}],"replies":[{"embeddable":true,"href":"https:\/\/www.vagus.cz\/index.php?rest_route=%2Fwp%2Fv2%2Fcomments&post=1087"}],"version-history":[{"count":4,"href":"https:\/\/www.vagus.cz\/index.php?rest_route=\/wp\/v2\/posts\/1087\/revisions"}],"predecessor-version":[{"id":4863,"href":"https:\/\/www.vagus.cz\/index.php?rest_route=\/wp\/v2\/posts\/1087\/revisions\/4863"}],"wp:attachment":[{"href":"https:\/\/www.vagus.cz\/index.php?rest_route=%2Fwp%2Fv2%2Fmedia&parent=1087"}],"wp:term":[{"taxonomy":"category","embeddable":true,"href":"https:\/\/www.vagus.cz\/index.php?rest_route=%2Fwp%2Fv2%2Fcategories&post=1087"},{"taxonomy":"post_tag","embeddable":true,"href":"https:\/\/www.vagus.cz\/index.php?rest_route=%2Fwp%2Fv2%2Ftags&post=1087"}],"curies":[{"name":"wp","href":"https:\/\/api.w.org\/{rel}","templated":true}]}}