{"id":11634,"date":"2023-08-17T15:13:03","date_gmt":"2023-08-17T14:13:03","guid":{"rendered":"https:\/\/www.vagus.cz\/?p=11634"},"modified":"2023-08-19T10:48:41","modified_gmt":"2023-08-19T09:48:41","slug":"kde-je-zavisuv-cerveny-most-co-je-zeleznicni-most","status":"publish","type":"post","link":"https:\/\/www.vagus.cz\/?p=11634","title":{"rendered":"Kde je Z\u00e1vi\u0161\u016fv \u010cerven\u00fd most, co je \u017eelezni\u010dn\u00ed most?"},"content":{"rendered":"<p>I Mistr Z\u00e1vi\u0161 se n\u011bkdy utne! P\u0159esto\u017ee jej adorujeme, mus\u00edme podotknout, \u017ee v jedn\u00e9 v\u011bci se m\u00fdlil. Toti\u017e pouze sd\u011blit, \u017ee \u010cerven\u00fd most je \u017eelezni\u010dn\u00ed most, prost\u011b nen\u00ed dost.<\/p>\n<p><!--more-->P\u0159esv\u011bd\u010dujeme se o tom opakovan\u011b. A v\u011bzte, \u017ee i rodil\u00ed Znojm\u00e1ci a Znojma\u010dky v tom maj\u00ed zmatky. To vede ke zbyte\u010dn\u00fdm omyl\u016fm, jako kdy\u017e jsem p\u0159ed lety na vlastiv\u011bdn\u00e9m v\u00fdlet\u011b ve Znojm\u011b dovedla NPho na \u017eelezni\u010dn\u00ed most, kter\u00fd byl z\u00e1rove\u0148 \u010derven\u00fd (a tud\u00ed\u017e jsem ho m\u011bla za TEN \u010cerven\u00fd most) a nutila ho tam onanovat, jak se ostatn\u011b zdrav\u00fd mu\u017e m\u00e1 chovat. Pozd\u011bji se uk\u00e1zalo, \u017ee si prost\u011b jen chv\u00edli \u017emoulal p\u00e9ro na celkem random, ale zato pom\u011brn\u011b dopravn\u011b frekventovan\u00e9m most\u011b.<\/p>\n<p><img loading=\"lazy\" decoding=\"async\" class=\"alignnone size-full wp-image-11635\" src=\"https:\/\/www.vagus.cz\/wp-content\/zmfct_alwayshasbeen_cervenymost.jpg\" alt=\"\" width=\"888\" height=\"499\" srcset=\"https:\/\/www.vagus.cz\/wp-content\/zmfct_alwayshasbeen_cervenymost.jpg 888w, https:\/\/www.vagus.cz\/wp-content\/zmfct_alwayshasbeen_cervenymost-300x169.jpg 300w, https:\/\/www.vagus.cz\/wp-content\/zmfct_alwayshasbeen_cervenymost-768x432.jpg 768w\" sizes=\"auto, (max-width: 767px) 89vw, (max-width: 1000px) 54vw, (max-width: 1071px) 543px, 580px\" \/><\/p>\n<p>Aby va\u0161e mastrurba\u010dn\u00ed v\u00fdlety byly geograficky akur\u00e1tn\u00ed, nabz\u00edme p\u0159ehled dvou fale\u0161n\u00fdch znojemsk\u00fdch \u010cerven\u00fdch most\u016f i toho prav\u00e9ho.<\/p>\n<p><strong>Fale\u0161n\u00fd \u010cerven\u00fd most \u010d. 1: \u017delezni\u010dn\u00ed viadukt nad Dyj\u00ed<\/strong><br \/>\nSou\u0159adnice: <a href=\"https:\/\/mapy.cz\/turisticka?source=base&amp;id=1899859&amp;x=16.0515992&amp;y=48.8479385&amp;z=17\" target=\"_blank\" rel=\"noopener\">\u200b\u200b48.8478961N, 16.0515992E<\/a><\/p>\n<p>Vedle Radni\u010dn\u00ed v\u011b\u017ee, Kostela sv. Mikul\u00e1\u0161e a rotundy je \u017eelezni\u010dn\u00ed viadukt jednou z dominant m\u011bsta. V\u017edy se mi zd\u00e1lo nespravedliv\u00e9, \u017ee d\u011bcka, co ze Znojma jezd\u00ed na hotelovku do Retzu ka\u017ed\u00fd den dvakr\u00e1t projedou po tomto majest\u00e1tn\u00edm viaduktu s dechberouc\u00edm v\u00fdhledem do kraje, zat\u00edmco j\u00e1 m\u00e1m na trase do \u0161koly jen dva tunely u Citonic.<\/p>\n<p>Pro Mistrovy p\u00edsn\u011b je ov\u0161em tento v\u0161emi oslavovan\u00fd a na propaga\u010dn\u00edch materi\u00e1lech m\u011bsta zobrazovan\u00fd, 220 metr\u016f dlouh\u00fd a 48,2 metr\u016f vysok\u00fd viadukt p\u0159\u00edli\u0161 mainstreamov\u00fd a v jeho d\u00edle se nevyskytuje.<\/p>\n<p><strong>Fale\u0161n\u00fd \u010cerven\u00fd most \u010d. 2: Most nad trat\u00ed u h\u0159bitova<\/strong><br \/>\nSou\u0159adnice: <a href=\"https:\/\/mapy.cz\/turisticka?source=coor&amp;id=16.065521%2C48.857533&amp;ds=1&amp;x=16.0655210&amp;y=48.8575754&amp;z=17\" target=\"_blank\" rel=\"noopener\">48.857533N, 16.065521E<\/a><\/p>\n<p>Tento most kousek od h\u0159bitova jsem za \u010cerven\u00fd most pova\u017eovala, proto\u017ee mi kamar\u00e1dka Jitka prozradila, \u017ee je to TEN \u010cerven\u00fd most. M\u011bl tehdy \u010derven\u011b nat\u0159en\u00e9 z\u00e1bradl\u00ed (dnes je modr\u00e9), tak\u017ee to d\u00e1valo smysl. Jitka je tou, kter\u00e1 mi p\u016fj\u010dila prvn\u00ed Z\u00e1vi\u0161ovo CD, \u010d\u00edm\u017e m\u011b zasv\u011btila do jeho lyriky. Spole\u010dn\u011b jsme si pak Mistrovy p\u00edsn\u011b svorn\u011b notovaly a j\u00e1 nem\u011bla d\u016fvod j\u00ed nev\u011b\u0159it.<\/p>\n<p>Tento most je tak\u00e9 ten, kde jsem nutila chlapce onanovat, ani\u017e bych ov\u0161em tu\u0161ila, \u017ee prav\u00fd \u010cerven\u00fd most se nach\u00e1z\u00ed nedaleko.<\/p>\n<p><strong>Prav\u00fd \u010cerven\u00fd most<\/strong><br \/>\nSou\u0159adnice: <a href=\"https:\/\/mapy.cz\/turisticka?source=base&amp;id=1839106&amp;x=16.0672981&amp;y=48.8597005&amp;z=17\" target=\"_blank\" rel=\"noopener\">48.8596581N, 16.0672981E<\/a><\/p>\n<p>Ano, p\u0159\u00e1tel\u00e9, to je on. \u010cerven\u00fd most postavili v letech 1869\u20131870 ital\u0161t\u00ed d\u011bln\u00edci za neuv\u011b\u0159iteln\u00fdch t\u0159in\u00e1ct m\u011bs\u00edc\u016f a to z \u010derven\u00fdch cihel z bl\u00edzk\u00e9 cihl\u00e1rny v Doln\u00ed Lesce, co\u017e mu dalo jm\u00e9no.<\/p>\n<p>Po tomto 90 metr\u016f dlouh\u00e9m most\u011b se jezd\u00ed vlakem do Hru\u0161ovan, nebo se po n\u011bm p\u011b\u0161ky chod\u00ed na zahr\u00e1dky. P\u016fvodn\u011b zde m\u011bla v\u00e9st dvoukolejn\u00e1 tra\u0165, na co\u017e se ov\u0161em kdosi zvysoka vyka\u0161lal, tak\u017ee m\u00edsto druh\u00e9 koleje vede cesti\u010dka, kde se lze p\u0159\u00edjemn\u011b proch\u00e1zet, poku\u0159ovat a jak my, znalci Z\u00e1vi\u0161ova d\u00edla, v\u00edme, t\u00e9\u017e onanovat.<\/p>\n<p>A vy u\u017e te\u010f kone\u010dn\u011b p\u0159esn\u011b v\u00edte, kam zam\u00ed\u0159it, a\u017e v\u00e1s budou zase hledat f\u00edzli.<\/p>\n<p>Nem\u00e1te dost? V\u00edce Mistra Z\u00e1vi\u0161e najdete na Z\u00e1vi\u0161 memes for Citonice teens \u2013 na <a href=\"https:\/\/www.facebook.com\/zavismemes\" rel=\"noopener\" target=\"_blank\">Facebooku<\/a> nebo na <a href=\"https:\/\/www.instagram.com\/zavismemes\/\" rel=\"noopener\" target=\"_blank\">Instagramu<\/a>.<\/p>\n","protected":false},"excerpt":{"rendered":"<p>I Mistr Z\u00e1vi\u0161 se n\u011bkdy utne! P\u0159esto\u017ee jej adorujeme, mus\u00edme podotknout, \u017ee v jedn\u00e9 v\u011bci se m\u00fdlil. Toti\u017e pouze sd\u011blit, \u017ee \u010cerven\u00fd most je \u017eelezni\u010dn\u00ed most, prost\u011b nen\u00ed dost.<\/p>\n","protected":false},"author":4,"featured_media":11635,"comment_status":"open","ping_status":"closed","sticky":false,"template":"","format":"standard","meta":{"footnotes":""},"categories":[20,10],"tags":[26],"class_list":["post-11634","post","type-post","status-publish","format-standard","has-post-thumbnail","hentry","category-pakultura","category-image-je-vsechno","tag-kz"],"_links":{"self":[{"href":"https:\/\/www.vagus.cz\/index.php?rest_route=\/wp\/v2\/posts\/11634","targetHints":{"allow":["GET"]}}],"collection":[{"href":"https:\/\/www.vagus.cz\/index.php?rest_route=\/wp\/v2\/posts"}],"about":[{"href":"https:\/\/www.vagus.cz\/index.php?rest_route=\/wp\/v2\/types\/post"}],"author":[{"embeddable":true,"href":"https:\/\/www.vagus.cz\/index.php?rest_route=\/wp\/v2\/users\/4"}],"replies":[{"embeddable":true,"href":"https:\/\/www.vagus.cz\/index.php?rest_route=%2Fwp%2Fv2%2Fcomments&post=11634"}],"version-history":[{"count":3,"href":"https:\/\/www.vagus.cz\/index.php?rest_route=\/wp\/v2\/posts\/11634\/revisions"}],"predecessor-version":[{"id":11640,"href":"https:\/\/www.vagus.cz\/index.php?rest_route=\/wp\/v2\/posts\/11634\/revisions\/11640"}],"wp:featuredmedia":[{"embeddable":true,"href":"https:\/\/www.vagus.cz\/index.php?rest_route=\/wp\/v2\/media\/11635"}],"wp:attachment":[{"href":"https:\/\/www.vagus.cz\/index.php?rest_route=%2Fwp%2Fv2%2Fmedia&parent=11634"}],"wp:term":[{"taxonomy":"category","embeddable":true,"href":"https:\/\/www.vagus.cz\/index.php?rest_route=%2Fwp%2Fv2%2Fcategories&post=11634"},{"taxonomy":"post_tag","embeddable":true,"href":"https:\/\/www.vagus.cz\/index.php?rest_route=%2Fwp%2Fv2%2Ftags&post=11634"}],"curies":[{"name":"wp","href":"https:\/\/api.w.org\/{rel}","templated":true}]}}