{"id":1204,"date":"2011-08-01T12:41:35","date_gmt":"2011-08-01T11:41:35","guid":{"rendered":"http:\/\/www.vagus.cz\/?p=1204"},"modified":"2013-08-01T08:56:37","modified_gmt":"2013-08-01T07:56:37","slug":"na-kosovskych-hranicich","status":"publish","type":"post","link":"https:\/\/www.vagus.cz\/?p=1204","title":{"rendered":"Na kosovsk\u00fdch hranic\u00edch"},"content":{"rendered":"<p><a href=\"http:\/\/www.vagus.cz\/2011\/08\/01\/na-kosovskych-hranicich\/\"><img loading=\"lazy\" decoding=\"async\" src=\"http:\/\/www.vagus.cz\/wp-content\/branik_kop3.jpg\" alt=\"\" width=\"500\" height=\"375\" \/><\/a><\/p>\n<p>V Kosovu <a href=\"http:\/\/www.bbc.co.uk\/news\/world-europe-14321148\" target=\"_blank\">to pr\u00fd zase v\u0159e<\/a>. Snad na to nem\u016f\u017ee Bran\u00edkova n\u00e1v\u0161t\u011bva srbsk\u00e9 vojensk\u00e9 z\u00e1kladny na Kopaoniku&#8230;<\/p>\n<p><!--more-->Jinak tohle minialbum je vlastn\u011b ilustrac\u00ed k <a href=\"http:\/\/www.vagus.cz\/?p=241\" target=\"_blank\">dva roky star\u00e9mu p\u0159\u00edsp\u011bvku<\/a>.<\/p>\n<div id='gallery-1' class='gallery galleryid-1204 gallery-columns-3 gallery-size-thumbnail'><figure class='gallery-item'>\n\t\t\t<div class='gallery-icon portrait'>\n\t\t\t\t<a href='https:\/\/www.vagus.cz\/wp-content\/branik_kop1.jpg'><img loading=\"lazy\" decoding=\"async\" width=\"150\" height=\"150\" src=\"https:\/\/www.vagus.cz\/wp-content\/branik_kop1-150x150.jpg\" class=\"attachment-thumbnail size-thumbnail\" alt=\"\" sizes=\"auto, 100vw\" \/><\/a>\n\t\t\t<\/div><\/figure><figure class='gallery-item'>\n\t\t\t<div class='gallery-icon portrait'>\n\t\t\t\t<a href='https:\/\/www.vagus.cz\/wp-content\/branik_kop2.jpg'><img loading=\"lazy\" decoding=\"async\" width=\"150\" height=\"150\" src=\"https:\/\/www.vagus.cz\/wp-content\/branik_kop2-150x150.jpg\" class=\"attachment-thumbnail size-thumbnail\" alt=\"\" sizes=\"auto, 100vw\" \/><\/a>\n\t\t\t<\/div><\/figure><figure class='gallery-item'>\n\t\t\t<div class='gallery-icon landscape'>\n\t\t\t\t<a href='https:\/\/www.vagus.cz\/wp-content\/branik_kop3.jpg'><img loading=\"lazy\" decoding=\"async\" width=\"150\" height=\"150\" src=\"https:\/\/www.vagus.cz\/wp-content\/branik_kop3-150x150.jpg\" class=\"attachment-thumbnail size-thumbnail\" alt=\"\" sizes=\"auto, 100vw\" \/><\/a>\n\t\t\t<\/div><\/figure>\n\t\t<\/div>\n\n<div id=\"fb-root\"><\/div>\n<p><script src=\"http:\/\/connect.facebook.net\/en_US\/all.js#xfbml=1\"><\/script><fb:like href=\"http:\/\/www.vagus.cz\/?p=1204\" send=\"true\" font=\"\"><\/fb:like><\/p>\n","protected":false},"excerpt":{"rendered":"<p>V Kosovu to pr\u00fd zase v\u0159e. Snad na to nem\u016f\u017ee Bran\u00edkova n\u00e1v\u0161t\u011bva srbsk\u00e9 vojensk\u00e9 z\u00e1kladny na Kopaoniku&#8230;<\/p>\n","protected":false},"author":1,"featured_media":0,"comment_status":"open","ping_status":"open","sticky":false,"template":"","format":"standard","meta":{"footnotes":""},"categories":[48,37],"tags":[80,32],"class_list":["post-1204","post","type-post","status-publish","format-standard","hentry","category-branik","category-foto-dna","tag-baron","tag-srbija"],"_links":{"self":[{"href":"https:\/\/www.vagus.cz\/index.php?rest_route=\/wp\/v2\/posts\/1204","targetHints":{"allow":["GET"]}}],"collection":[{"href":"https:\/\/www.vagus.cz\/index.php?rest_route=\/wp\/v2\/posts"}],"about":[{"href":"https:\/\/www.vagus.cz\/index.php?rest_route=\/wp\/v2\/types\/post"}],"author":[{"embeddable":true,"href":"https:\/\/www.vagus.cz\/index.php?rest_route=\/wp\/v2\/users\/1"}],"replies":[{"embeddable":true,"href":"https:\/\/www.vagus.cz\/index.php?rest_route=%2Fwp%2Fv2%2Fcomments&post=1204"}],"version-history":[{"count":7,"href":"https:\/\/www.vagus.cz\/index.php?rest_route=\/wp\/v2\/posts\/1204\/revisions"}],"predecessor-version":[{"id":5503,"href":"https:\/\/www.vagus.cz\/index.php?rest_route=\/wp\/v2\/posts\/1204\/revisions\/5503"}],"wp:attachment":[{"href":"https:\/\/www.vagus.cz\/index.php?rest_route=%2Fwp%2Fv2%2Fmedia&parent=1204"}],"wp:term":[{"taxonomy":"category","embeddable":true,"href":"https:\/\/www.vagus.cz\/index.php?rest_route=%2Fwp%2Fv2%2Fcategories&post=1204"},{"taxonomy":"post_tag","embeddable":true,"href":"https:\/\/www.vagus.cz\/index.php?rest_route=%2Fwp%2Fv2%2Ftags&post=1204"}],"curies":[{"name":"wp","href":"https:\/\/api.w.org\/{rel}","templated":true}]}}