{"id":130,"date":"2009-02-06T13:42:27","date_gmt":"2009-02-06T12:42:27","guid":{"rendered":"http:\/\/www.vagus.cz\/?p=130"},"modified":"2009-02-06T13:43:58","modified_gmt":"2009-02-06T12:43:58","slug":"kraska-a-vagus","status":"publish","type":"post","link":"https:\/\/www.vagus.cz\/?p=130","title":{"rendered":"Kr\u00e1ska a v\u00e1gus"},"content":{"rendered":"<p>M\u016fj chlapec m\u00e1 o\u010di jako stud\u00e1nky, l\u00ed\u010dka jako \u010derstv\u011b upe\u010den\u00e9 vdole\u010dky, zoubky jako perli\u010dky a \u00fapln\u011b zarostlou \u010du\u0148u. Tuhle na m\u011b \u010dekal p\u0159ed bar\u00e1kem a m\u011bl na sob\u011b leteckou kombin\u00e9zu, boty na platform\u011b, jarmulku a na jarmulce nasazenou k\u0161iltovku. Prvn\u011b jsem se schovala zp\u00e1tky do bar\u00e1ku, \u017ee tam z\u016fstanu a nevylezu, pak jsem ale odhodlan\u011b vycupkala na podpatc\u00edch a v minisukni ven a \u0161li jsme na romantickou ve\u010de\u0159i. Kr\u00e1ska a v\u00e1gus! Prost\u011b m\u00e1me trochu probl\u00e9m sladit n\u00e1\u0161 dress code. Douf\u00e1m ale, \u017ee to nebude p\u0159ek\u00e1\u017ekou na\u0161emu l\u00e1skypln\u00e9mu vztahu.<\/p>\n<p>Minul\u00fd t\u00fdden jsem vyhazovala \u010d\u00e1st jeho garfer\u00f3by k popelnic\u00edm. Druh\u00fd den potk\u00e1m v\u00e1guse, co m\u00e1 na sob\u011b jeho b\u00fdvalou obl\u00edbenou mikinu. La\u0161kovn\u011b jsem k n\u011bmu vyrazila (oba m\u011bli fousy a j\u00e1 m\u00e1m \u2013 jako \u017eena \u2013 sn\u00ed\u017eenou rozli\u0161ovac\u00ed schopnost) a v z\u00e1p\u011bt\u00ed jsem hodila na t\u011bch podpatc\u00edch dr\u017eku. V\u00e1gus se ohl\u00e9dl a u\u0161kl\u00edbl se. Tuhle fashion show vyhr\u00e1l on.<\/p>\n","protected":false},"excerpt":{"rendered":"<p>M\u016fj chlapec m\u00e1 o\u010di jako stud\u00e1nky, l\u00ed\u010dka jako \u010derstv\u011b upe\u010den\u00e9 vdole\u010dky, zoubky jako perli\u010dky a \u00fapln\u011b zarostlou \u010du\u0148u. Tuhle na m\u011b \u010dekal p\u0159ed bar\u00e1kem a m\u011bl na sob\u011b leteckou kombin\u00e9zu, boty na platform\u011b, jarmulku a na jarmulce nasazenou k\u0161iltovku. Prvn\u011b jsem se schovala zp\u00e1tky do bar\u00e1ku, \u017ee tam z\u016fstanu a nevylezu, pak jsem ale odhodlan\u011b &hellip; <\/p>\n<p class=\"link-more\"><a href=\"https:\/\/www.vagus.cz\/?p=130\" class=\"more-link\">Continue reading<span class=\"screen-reader-text\"> &#8220;Kr\u00e1ska a v\u00e1gus&#8221;<\/span><\/a><\/p>\n","protected":false},"author":1,"featured_media":0,"comment_status":"open","ping_status":"open","sticky":false,"template":"","format":"standard","meta":{"footnotes":""},"categories":[27],"tags":[26],"class_list":["post-130","post","type-post","status-publish","format-standard","hentry","category-moda-a-vztahy","tag-kz"],"_links":{"self":[{"href":"https:\/\/www.vagus.cz\/index.php?rest_route=\/wp\/v2\/posts\/130","targetHints":{"allow":["GET"]}}],"collection":[{"href":"https:\/\/www.vagus.cz\/index.php?rest_route=\/wp\/v2\/posts"}],"about":[{"href":"https:\/\/www.vagus.cz\/index.php?rest_route=\/wp\/v2\/types\/post"}],"author":[{"embeddable":true,"href":"https:\/\/www.vagus.cz\/index.php?rest_route=\/wp\/v2\/users\/1"}],"replies":[{"embeddable":true,"href":"https:\/\/www.vagus.cz\/index.php?rest_route=%2Fwp%2Fv2%2Fcomments&post=130"}],"version-history":[{"count":0,"href":"https:\/\/www.vagus.cz\/index.php?rest_route=\/wp\/v2\/posts\/130\/revisions"}],"wp:attachment":[{"href":"https:\/\/www.vagus.cz\/index.php?rest_route=%2Fwp%2Fv2%2Fmedia&parent=130"}],"wp:term":[{"taxonomy":"category","embeddable":true,"href":"https:\/\/www.vagus.cz\/index.php?rest_route=%2Fwp%2Fv2%2Fcategories&post=130"},{"taxonomy":"post_tag","embeddable":true,"href":"https:\/\/www.vagus.cz\/index.php?rest_route=%2Fwp%2Fv2%2Ftags&post=130"}],"curies":[{"name":"wp","href":"https:\/\/api.w.org\/{rel}","templated":true}]}}