{"id":1597,"date":"2011-10-23T10:00:54","date_gmt":"2011-10-23T09:00:54","guid":{"rendered":"http:\/\/www.vagus.cz\/?p=1597"},"modified":"2011-10-23T10:01:27","modified_gmt":"2011-10-23T09:01:27","slug":"bicykly-pro-viteze","status":"publish","type":"post","link":"https:\/\/www.vagus.cz\/?p=1597","title":{"rendered":"Bicykly pro v\u00edt\u011bze"},"content":{"rendered":"<p><a href=\"http:\/\/www.vagus.cz\/2011\/10\/23\/bicykly-pro-viteze\/\"><img loading=\"lazy\" decoding=\"async\" src=\"http:\/\/www.vagus.cz\/wp-content\/vitez_0894_vyrez.jpg\" alt=\"\" width=\"500\" height=\"263\" \/><\/a><\/p>\n<p>Ka\u017ed\u00fd trochu zdatn\u011bj\u0161\u00ed cyklista si obvykle um\u00ed se sv\u00fdm strojem poradit s\u00e1m. Tak\u017ee kdy\u017e provozujete cykloservis, pot\u0159ebujete zatracen\u011b dobr\u00e9 p\u00ed\u00e1rko. Zpravidla to vypad\u00e1 tak, \u017ee vezmete star\u00e9 kolo a zkus\u00edte ho n\u011bjak kreativn\u011b p\u0159etvo\u0159it v reklamn\u00ed nosi\u010d. <\/p>\n<p><!--more-->Obl\u00edben\u00e9 jsou zejm\u00e9na odrazky \u010di jin\u00e1 cingrl\u00e1tka. Pokud um\u00edte sva\u0159ovat, lze zaj\u00edt je\u0161t\u011b d\u00e1l: t\u0159eba p\u0159ed <a href=\"http:\/\/www.bajkazyl.cz\/\" target=\"_blank\">Bajkazylem<\/a> sv\u00e9ho \u010dasu st\u00e1vala skulptura ze sva\u0159en\u00fdch r\u00e1mov\u00fdch trubek. Ach, jak p\u0159\u00edzemn\u00ed. Vezm\u011bte si p\u0159\u00edklad z tohoto m\u011bste\u010dka uprost\u0159ed Bosny. Ostatn\u011b kdy\u017e se pod\u00edv\u00e1te, jak se tahle obec jmenuje, mus\u00ed v\u00e1m b\u00fdt jasn\u00e9, kdo tady v\u00edt\u011bz\u00ed na cel\u00e9 \u010d\u00e1\u0159e.<\/p>\n<div id='gallery-1' class='gallery galleryid-1597 gallery-columns-3 gallery-size-thumbnail'><figure class='gallery-item'>\n\t\t\t<div class='gallery-icon landscape'>\n\t\t\t\t<a href='https:\/\/www.vagus.cz\/wp-content\/vitez_0894.jpg'><img loading=\"lazy\" decoding=\"async\" width=\"150\" height=\"150\" src=\"https:\/\/www.vagus.cz\/wp-content\/vitez_0894-150x150.jpg\" class=\"attachment-thumbnail size-thumbnail\" alt=\"\" srcset=\"https:\/\/www.vagus.cz\/wp-content\/vitez_0894-150x150.jpg 150w, https:\/\/www.vagus.cz\/wp-content\/vitez_0894-300x300.jpg 300w, https:\/\/www.vagus.cz\/wp-content\/vitez_0894.jpg 500w\" sizes=\"auto, 100vw\" \/><\/a>\n\t\t\t<\/div><\/figure><figure class='gallery-item'>\n\t\t\t<div class='gallery-icon landscape'>\n\t\t\t\t<a href='https:\/\/www.vagus.cz\/wp-content\/vitez_0894_vyrez.jpg'><img loading=\"lazy\" decoding=\"async\" width=\"150\" height=\"150\" src=\"https:\/\/www.vagus.cz\/wp-content\/vitez_0894_vyrez-150x150.jpg\" class=\"attachment-thumbnail size-thumbnail\" alt=\"\" sizes=\"auto, 100vw\" \/><\/a>\n\t\t\t<\/div><\/figure><figure class='gallery-item'>\n\t\t\t<div class='gallery-icon landscape'>\n\t\t\t\t<a href='https:\/\/www.vagus.cz\/wp-content\/vitez_0896.jpg'><img loading=\"lazy\" decoding=\"async\" width=\"150\" height=\"150\" src=\"https:\/\/www.vagus.cz\/wp-content\/vitez_0896-150x150.jpg\" class=\"attachment-thumbnail size-thumbnail\" alt=\"\" sizes=\"auto, 100vw\" \/><\/a>\n\t\t\t<\/div><\/figure>\n\t\t<\/div>\n\n<div id=\"fb-root\"><\/div>\n<p><script src=\"http:\/\/connect.facebook.net\/en_US\/all.js#xfbml=1\"><\/script><fb:like href=\"http:\/\/www.vagus.cz\/2011\/10\/23\/bicykly-pro-viteze\/\" send=\"true\" font=\"\"><\/fb:like><\/p>\n","protected":false},"excerpt":{"rendered":"<p>Ka\u017ed\u00fd trochu zdatn\u011bj\u0161\u00ed cyklista si obvykle um\u00ed se sv\u00fdm strojem poradit s\u00e1m. Tak\u017ee kdy\u017e provozujete cykloservis, pot\u0159ebujete zatracen\u011b dobr\u00e9 p\u00ed\u00e1rko. Zpravidla to vypad\u00e1 tak, \u017ee vezmete star\u00e9 kolo a zkus\u00edte ho n\u011bjak kreativn\u011b p\u0159etvo\u0159it v reklamn\u00ed nosi\u010d.<\/p>\n","protected":false},"author":1,"featured_media":0,"comment_status":"open","ping_status":"open","sticky":false,"template":"","format":"standard","meta":{"footnotes":""},"categories":[64,37],"tags":[12],"class_list":["post-1597","post","type-post","status-publish","format-standard","hentry","category-cyklostyl","category-foto-dna","tag-npyrin"],"_links":{"self":[{"href":"https:\/\/www.vagus.cz\/index.php?rest_route=\/wp\/v2\/posts\/1597","targetHints":{"allow":["GET"]}}],"collection":[{"href":"https:\/\/www.vagus.cz\/index.php?rest_route=\/wp\/v2\/posts"}],"about":[{"href":"https:\/\/www.vagus.cz\/index.php?rest_route=\/wp\/v2\/types\/post"}],"author":[{"embeddable":true,"href":"https:\/\/www.vagus.cz\/index.php?rest_route=\/wp\/v2\/users\/1"}],"replies":[{"embeddable":true,"href":"https:\/\/www.vagus.cz\/index.php?rest_route=%2Fwp%2Fv2%2Fcomments&post=1597"}],"version-history":[{"count":4,"href":"https:\/\/www.vagus.cz\/index.php?rest_route=\/wp\/v2\/posts\/1597\/revisions"}],"predecessor-version":[{"id":1604,"href":"https:\/\/www.vagus.cz\/index.php?rest_route=\/wp\/v2\/posts\/1597\/revisions\/1604"}],"wp:attachment":[{"href":"https:\/\/www.vagus.cz\/index.php?rest_route=%2Fwp%2Fv2%2Fmedia&parent=1597"}],"wp:term":[{"taxonomy":"category","embeddable":true,"href":"https:\/\/www.vagus.cz\/index.php?rest_route=%2Fwp%2Fv2%2Fcategories&post=1597"},{"taxonomy":"post_tag","embeddable":true,"href":"https:\/\/www.vagus.cz\/index.php?rest_route=%2Fwp%2Fv2%2Ftags&post=1597"}],"curies":[{"name":"wp","href":"https:\/\/api.w.org\/{rel}","templated":true}]}}