{"id":189,"date":"2009-05-06T16:21:16","date_gmt":"2009-05-06T15:21:16","guid":{"rendered":"http:\/\/www.vagus.cz\/?p=189"},"modified":"2010-11-10T20:34:21","modified_gmt":"2010-11-10T19:34:21","slug":"vyznani","status":"publish","type":"post","link":"https:\/\/www.vagus.cz\/?p=189","title":{"rendered":"Vyzn\u00e1n\u00ed"},"content":{"rendered":"<p>Uspokojit mlad\u00e9 d\u011bv\u010de je t\u011b\u017ek\u00e9. Moc t\u011b\u017ek\u00e9. Kup\u0159\u00edkladu j\u00e1 v\u00e1\u0161niv\u011b miluji tanec, ale v\u011bt\u0161ina koncert\u016f v m\u00e9m okol\u00ed, kter\u00fdch jsem nucena se \u00fa\u010dastnit a kter\u00e9 po\u0159\u00e1daj\u00ed kdov\u00edjak\u00e1 nemehla, je v tomto sm\u011bru naprosto neperspektivn\u00ed. R\u00e1doby kapely produkuj\u00ed n\u011bco, p\u0159i \u010dem se d\u00e1 maxim\u00e1ln\u011b  k\u00fdvat do \u201erytmu\u201c, v lep\u0161\u00edm p\u0159\u00edpad\u011b pohazovat hlavou. A to nemluv\u00edm o situac\u00edch, kdy pochybn\u00ed jedinci do sebe za\u010dnou pod p\u00f3diem nar\u00e1\u017eet \u010di dokonce kopat. Vrcholem pak b\u00fdv\u00e1, kdy\u017e se n\u011bjak\u00e1 individua (s \u017eeleznou pravidelnost\u00ed to b\u00fdvaj\u00ed ta nejv\u011bt\u0161\u00ed a nejtlust\u0161\u00ed) rozhodnou vy\u0161plhat na jevi\u0161t\u011b a vrhat se mezi n\u00e1s, proc\u00edt\u011bn\u011b vn\u00edmaj\u00edc\u00ed poslucha\u010de.<\/p>\n<p>Jak r\u00e1da bych si aspo\u0148 ob\u010das vesele a hrav\u011b zatan\u010dila, rozvlnila boky, hodila na parketu p\u00e1r oto\u010dek a sofistikovan\u00fdch kr\u016f\u010dk\u016f\u2026<\/p>\n<p>Dal\u0161\u00ed mou v\u00e1\u0161n\u00ed jsou texty. Hlavn\u011b ty ze \u017eivota. Prost\u011b r\u00e1da poslouch\u00e1m p\u00edsni\u010dky o tom, co tr\u00e1p\u00ed ka\u017ed\u00e9ho z n\u00e1s. Intelektu\u00e1ln\u00ed h\u0159\u00ed\u010dky \u010di uk\u0159i\u010deny protesty \u2013 to nen\u00ed nic pro m\u011b. Neboj\u00edm se p\u0159iznat, \u017ee nejv\u011bt\u0161\u00edm b\u00e1sn\u00edkem dne\u0161n\u00ed doby je pro m\u011b Sl\u00e1vek Dolej\u0161\u00ed (poch\u00e1z\u00ed od Mlad\u00e9 Boleslavi jako moje prababi\u010dka). Tak\u017ee kdy\u017e jsem se dozv\u011bd\u011bla o jeho koncertu v Chapeau (7. kv\u011btna, pros\u00edm), nev\u00e1hala jsem ani minutu (vysv\u011btlen\u00ed, pro\u010d je Kv\u011btoslav idolem ka\u017ed\u00e9 slu\u0161n\u00e9 d\u00edvky, pod\u00e1m snad n\u011bkdy p\u0159\u00ed\u0161t\u011b\u2026).<\/p>\n<p>Nu a jen tak ze zv\u011bdavosti jsem jukla i na Sl\u00e1vk\u016fv doprovod. A to byla l\u00e1ska na prvn\u00ed poslech i pohled! Ji\u017e p\u0159i prvn\u00edch t\u00f3nech mi bylo jasn\u00e9, \u017ee to je to, co hled\u00e1m. Chytlav\u00e9 tane\u010dn\u00ed rytmy lehce pulzuj\u00edc\u00ed jako v\u00e1nek a z\u00e1rove\u0148 tak d\u016frazn\u00e9, jak maj\u00ed \u010diny prav\u00e9ho mu\u017ee b\u00fdt. Slune\u010dn\u00e1 rozj\u00e1sanost se st\u0159\u00edd\u00e1 s chvilkami melancholie \u2013 tak jako ve skute\u010dn\u00e9m \u017eivot\u011b. A k tomu v\u0161emu i p\u011bkn\u00e9, lidsk\u00e9 (ba snad a\u017e humanistick\u00e9) texty \u2013 kdo z n\u00e1s nem\u011bl n\u011bkdy v \u017eivot\u011b nouzi, nezatou\u017eil po n\u011bjak\u00e9m tom pen\u00edzku, dom\u00e1c\u00ed pohod\u011b s dobr\u00fdm j\u00eddlem\u2026 a hlavn\u011b a p\u0159edev\u0161\u00edm po l\u00e1sce\u2026<\/p>\n<p>A je\u0161t\u011b je ke v\u0161emu je ten Grampall Jookabox p\u011bkn\u00fd \u0161tram\u00e1k. Vezm\u011bte si z n\u011bho p\u0159\u00edklad! Tomu \u0159\u00edk\u00e1m opravdov\u00e1 m\u00f3da, styl a n\u00e1paditost! Zat\u00edmco v\u00e1s \u010dlov\u011bk vid\u00ed na koncertech v\u011b\u010dn\u011b v tom sam\u00e9m opran\u00e9m triku va\u0161\u00ed obl\u00edben\u00e9 kapely a vytahan\u00fdch kalhot\u00e1ch (v zim\u011b pov\u011bt\u0161inou vyt\u00e1hnete obno\u0161enou mikinu). Ti byst\u0159ej\u0161\u00ed z v\u00e1s sv\u00e1 dv\u011b tri\u010dka aspo\u0148 ob\u010das prost\u0159\u00eddaj\u00ed, ale ruku na srdce \u2013 m\u016f\u017ee se n\u011bco takov\u00e9ho rovnat vzhledu tohoto p\u00e1na\u2026? Kdo se m\u00e1 na v\u00e1s t\u011bch koncertech po\u0159\u00e1d d\u00edvat?! Co?<\/p>\n<p><object width=\"480\" height=\"295\"><param name=\"movie\" value=\"http:\/\/www.youtube.com\/v\/4HUgvYTx_2Y?fs=1&amp;hl=cs_CZ\"><\/param><param name=\"allowFullScreen\" value=\"true\"><\/param><param name=\"allowscriptaccess\" value=\"always\"><\/param><embed src=\"http:\/\/www.youtube.com\/v\/4HUgvYTx_2Y?fs=1&amp;hl=cs_CZ\" type=\"application\/x-shockwave-flash\" allowscriptaccess=\"always\" allowfullscreen=\"true\" width=\"480\" height=\"295\"><\/embed><\/object><\/p>\n<p>A ke v\u0161emu fakt sexy tancuje. Douf\u00e1m, \u017ee si ve \u010dtvrtek zatancujeme spolu\u2026<\/p>\n","protected":false},"excerpt":{"rendered":"<p>Uspokojit mlad\u00e9 d\u011bv\u010de je t\u011b\u017ek\u00e9. Moc t\u011b\u017ek\u00e9. Kup\u0159\u00edkladu j\u00e1 v\u00e1\u0161niv\u011b miluji tanec, ale v\u011bt\u0161ina koncert\u016f v m\u00e9m okol\u00ed, kter\u00fdch jsem nucena se \u00fa\u010dastnit a kter\u00e9 po\u0159\u00e1daj\u00ed kdov\u00edjak\u00e1 nemehla, je v tomto sm\u011bru naprosto neperspektivn\u00ed. R\u00e1doby kapely produkuj\u00ed n\u011bco, p\u0159i \u010dem se d\u00e1 maxim\u00e1ln\u011b k\u00fdvat do \u201erytmu\u201c, v lep\u0161\u00edm p\u0159\u00edpad\u011b pohazovat hlavou. A to nemluv\u00edm o &hellip; <\/p>\n<p class=\"link-more\"><a href=\"https:\/\/www.vagus.cz\/?p=189\" class=\"more-link\">Continue reading<span class=\"screen-reader-text\"> &#8220;Vyzn\u00e1n\u00ed&#8221;<\/span><\/a><\/p>\n","protected":false},"author":1,"featured_media":0,"comment_status":"open","ping_status":"open","sticky":false,"template":"","format":"standard","meta":{"footnotes":""},"categories":[20],"tags":[14],"class_list":["post-189","post","type-post","status-publish","format-standard","hentry","category-pakultura","tag-betla"],"_links":{"self":[{"href":"https:\/\/www.vagus.cz\/index.php?rest_route=\/wp\/v2\/posts\/189","targetHints":{"allow":["GET"]}}],"collection":[{"href":"https:\/\/www.vagus.cz\/index.php?rest_route=\/wp\/v2\/posts"}],"about":[{"href":"https:\/\/www.vagus.cz\/index.php?rest_route=\/wp\/v2\/types\/post"}],"author":[{"embeddable":true,"href":"https:\/\/www.vagus.cz\/index.php?rest_route=\/wp\/v2\/users\/1"}],"replies":[{"embeddable":true,"href":"https:\/\/www.vagus.cz\/index.php?rest_route=%2Fwp%2Fv2%2Fcomments&post=189"}],"version-history":[{"count":0,"href":"https:\/\/www.vagus.cz\/index.php?rest_route=\/wp\/v2\/posts\/189\/revisions"}],"wp:attachment":[{"href":"https:\/\/www.vagus.cz\/index.php?rest_route=%2Fwp%2Fv2%2Fmedia&parent=189"}],"wp:term":[{"taxonomy":"category","embeddable":true,"href":"https:\/\/www.vagus.cz\/index.php?rest_route=%2Fwp%2Fv2%2Fcategories&post=189"},{"taxonomy":"post_tag","embeddable":true,"href":"https:\/\/www.vagus.cz\/index.php?rest_route=%2Fwp%2Fv2%2Ftags&post=189"}],"curies":[{"name":"wp","href":"https:\/\/api.w.org\/{rel}","templated":true}]}}