{"id":191,"date":"2009-05-13T12:57:06","date_gmt":"2009-05-13T11:57:06","guid":{"rendered":"http:\/\/www.vagus.cz\/?p=191"},"modified":"2009-11-19T20:16:30","modified_gmt":"2009-11-19T19:16:30","slug":"rejzek-na-eurovizi","status":"publish","type":"post","link":"https:\/\/www.vagus.cz\/?p=191","title":{"rendered":"Rej\u017eek na Eurovizi"},"content":{"rendered":"<p>Tohle opravdu sv\u011bt nevid\u011bl. Legenda televizn\u00ed katovny bu\u010f definitivn\u011b p\u0159i\u0161la o rozum, nebo trp\u00ed n\u011bjakou masochistickou \u00fachylkou. N\u00e1\u0161 ry\u0161av\u00fd mudrc se cel\u00fd \u017eivot du\u0161uje, jak ho pop music v\u016fbec nezaj\u00edm\u00e1, a jak mu p\u0159ijde sm\u011b\u0161n\u00e9 se o n\u00ed v\u016fbec bavit. A te\u010f bude komentovat tu nejsm\u011b\u0161n\u011bj\u0161\u00ed estr\u00e1du t\u00e9hle dek\u00e1dy. Ano, Eurovizi. A je\u0161t\u011b v rozhovoru na aktu\u00e1ln\u011b.cz \u0159\u00edk\u00e1, \u017ee je to skv\u011bl\u00e1 v\u011bc a \u017ee mu v\u0161ichni m\u016f\u017eou pol\u00edbit prdel. T\u011b\u017eko \u0159\u00edct, co je v\u00edc k pl\u00e1\u010di. Jestli cel\u00e1 tahle nesmysln\u00e1 sout\u011b\u017e, Rej\u017ekova expedice do Moskvy, na kterou dostal asi od \u010cT hodn\u011b velkou sva\u010dinu, nebo odvaha ozna\u010dit sna\u017een\u00ed soci\u00e1ln\u00edho deprivanta Gipsyho a jeho kump\u00e1n\u016f za dobrou muziku. Fakt nev\u00edme.<\/p>\n<p>Cel\u00fd ten z\u00e1zrak naleznete <a href=\"http:\/\/aktualne.centrum.cz\/kultura\/televize\/clanek.phtml?id=636838\">zde<\/a>, ale jeho p\u0159e\u010dten\u00ed se bolest\u00ed prakticky rovn\u00e1 n\u00e1sledk\u016fm st\u0159etu s hodn\u011b nasran\u00fdm knjazem Milo\u0161em. M\u011bl by sis, Rej\u017eku, d\u00e1vat v t\u00e9 Mockb\u011b kurevsk\u00e9ho majzla.<\/p>\n","protected":false},"excerpt":{"rendered":"<p>Tohle opravdu sv\u011bt nevid\u011bl. Legenda televizn\u00ed katovny bu\u010f definitivn\u011b p\u0159i\u0161la o rozum, nebo trp\u00ed n\u011bjakou masochistickou \u00fachylkou. N\u00e1\u0161 ry\u0161av\u00fd mudrc se cel\u00fd \u017eivot du\u0161uje, jak ho pop music v\u016fbec nezaj\u00edm\u00e1, a jak mu p\u0159ijde sm\u011b\u0161n\u00e9 se o n\u00ed v\u016fbec bavit. A te\u010f bude komentovat tu nejsm\u011b\u0161n\u011bj\u0161\u00ed estr\u00e1du t\u00e9hle dek\u00e1dy. Ano, Eurovizi. A je\u0161t\u011b v rozhovoru &hellip; <\/p>\n<p class=\"link-more\"><a href=\"https:\/\/www.vagus.cz\/?p=191\" class=\"more-link\">Continue reading<span class=\"screen-reader-text\"> &#8220;Rej\u017eek na Eurovizi&#8221;<\/span><\/a><\/p>\n","protected":false},"author":1,"featured_media":0,"comment_status":"open","ping_status":"open","sticky":false,"template":"","format":"standard","meta":{"footnotes":""},"categories":[7],"tags":[13,12],"class_list":["post-191","post","type-post","status-publish","format-standard","hentry","category-sukovice","tag-haimi","tag-npyrin"],"_links":{"self":[{"href":"https:\/\/www.vagus.cz\/index.php?rest_route=\/wp\/v2\/posts\/191","targetHints":{"allow":["GET"]}}],"collection":[{"href":"https:\/\/www.vagus.cz\/index.php?rest_route=\/wp\/v2\/posts"}],"about":[{"href":"https:\/\/www.vagus.cz\/index.php?rest_route=\/wp\/v2\/types\/post"}],"author":[{"embeddable":true,"href":"https:\/\/www.vagus.cz\/index.php?rest_route=\/wp\/v2\/users\/1"}],"replies":[{"embeddable":true,"href":"https:\/\/www.vagus.cz\/index.php?rest_route=%2Fwp%2Fv2%2Fcomments&post=191"}],"version-history":[{"count":0,"href":"https:\/\/www.vagus.cz\/index.php?rest_route=\/wp\/v2\/posts\/191\/revisions"}],"wp:attachment":[{"href":"https:\/\/www.vagus.cz\/index.php?rest_route=%2Fwp%2Fv2%2Fmedia&parent=191"}],"wp:term":[{"taxonomy":"category","embeddable":true,"href":"https:\/\/www.vagus.cz\/index.php?rest_route=%2Fwp%2Fv2%2Fcategories&post=191"},{"taxonomy":"post_tag","embeddable":true,"href":"https:\/\/www.vagus.cz\/index.php?rest_route=%2Fwp%2Fv2%2Ftags&post=191"}],"curies":[{"name":"wp","href":"https:\/\/api.w.org\/{rel}","templated":true}]}}