{"id":2442,"date":"2012-02-26T12:51:52","date_gmt":"2012-02-26T11:51:52","guid":{"rendered":"http:\/\/www.vagus.cz\/?p=2442"},"modified":"2012-02-26T12:58:51","modified_gmt":"2012-02-26T11:58:51","slug":"krusovicka-cukrarna-dejvicka-navrch-fuj-vespod-huj","status":"publish","type":"post","link":"https:\/\/www.vagus.cz\/?p=2442","title":{"rendered":"Kru\u0161ovick\u00e1 cukr\u00e1rna, Dejvick\u00e1: Navrch fuj, vespod huj!"},"content":{"rendered":"<p>V\u011bhlas pek\u00e1rny a cukr\u00e1rny ve vestibulu metra Dejvick\u00e1 sahal v\u017edy p\u0159inejmen\u0161\u00edm k horn\u00edmu okraji Kula\u0165\u00e1ku. Letos v l\u00e9t\u011b se v\u0161ak obl\u00edben\u00fd sladkost\u00e1nek prom\u011bnil v odkladi\u0161t\u011b n\u00e1\u010din\u00ed obsluhy razic\u00edho \u0161t\u00edtu Tonda. S ozn\u00e1men\u00edm, \u017ee se znovu otev\u0159e za\u010d\u00e1tkem z\u00e1\u0159\u00ed. Kdy\u017e sl\u00edben\u00fd term\u00edn vypr\u0161el a v cukr\u00e1rn\u011b se st\u00e1le p\u0159evl\u00e9kali d\u011bl\u0148asov\u00e9, trnul jsem. Ale nakonec jsem se do\u010dkal. Sice zhruba s m\u011bs\u00ed\u010dn\u00edm zpo\u017ed\u011bn\u00edm, ale cukr\u00e1rna znovu otev\u0159ela sv\u00e9 plechov\u00e9 br\u00e1ny a mohli jsme ji podrobit inspekci.<\/p>\n<p><!--more-->Um\u00edst\u011bn\u00ed st\u00e1nku \u010d\u00e1ste\u010dn\u011b p\u0159edur\u010duje i jeho nab\u00eddku, v\u011bt\u0161ina pe\u010diva spl\u0148uje p\u0159edev\u0161\u00edm n\u00e1roky na rychlou sva\u010dinku. J\u00e1 jsem v\u0161ak \u0161el po v\u011btrn\u00edc\u00edch. V polopr\u00e1zdn\u00e9m v\u00fdkladn\u00edm pultu se kr\u010dily posledn\u00ed dva. V\u00fdb\u011br tedy nic moc. Sv\u00fdm zp\u016fsobem v\u0161ak je tato skute\u010dnost pozitivn\u00ed, nebo\u0165 sv\u011bd\u010d\u00ed o tom, \u017ee cukrov\u00ed jde na dra\u010dku a ka\u017ed\u00fd den je znovu \u010derstv\u00e9. Ujistil jsem se, \u017ee i pomen\u0161\u00ed v\u011btrn\u00edky za 17 korun jsou z Kru\u0161ovic, a poru\u010dil jsem si jeden, lhostejno kter\u00fd.<\/p>\n<p>&#8220;<em>Chcete ho do ruky, nebo zabalit?<\/em>&#8221; zeptala se m\u011b pan\u00ed prodava\u010dka. U\u017e jsem ji cht\u011bl odk\u00e1zat na p\u0159\u00edru\u010dku inspektora Trachty <em>Zbyte\u010dn\u00e9 ot\u00e1zky v cukr\u00e1\u0159stv\u00ed<\/em> (jasn\u011b, \u017ee zabalit, v\u017edy\u0165 m\u00e1m pln\u00e9 ruce a nechci si zasvinit v\u0161echna zavazadla), ale nakonec jsem si \u0159ekl, \u017ee by mi pak zase doma vy\u010detli, \u017ee neum\u00edm jednat s lidmi. Ovl\u00e1dl jsem se i v okam\u017eiku, kdy z\u00e1kusek mizel v mikrotenov\u00e9m s\u00e1\u010dku (!) a teprve pak v balic\u00edm pap\u00edru.<\/p>\n<p>Sv\u00e9 zenov\u00e9 um\u011bn\u00ed jsem pln\u011b docenil teprve doma. Ano, karamelov\u00e1 poleva se sice hrd\u011b honos\u00ed francouzsk\u00fdm term\u00ednem <em>fondant<\/em> (,rozpl\u00fdvaj\u00edc\u00ed se\u2018), ale u\u017e byla tak zabordelen\u00e1 drobky z okoln\u00edch z\u00e1kusk\u016f, \u017ee vypadala sp\u00ed\u0161 jako ple\u0165 ostravsk\u00e9ho horn\u00edka po \u0161icht\u011b. Jen\u017ee p\u0159\u00edslov\u00ed &#8220;<em>navrch huj, vespod fuj<\/em>&#8221; plat\u00ed n\u011bkdy i v opa\u010dn\u00e9m gardu. Zpod polevy a korpusu na m\u011b la\u0161kovn\u011b vykukoval pudinkov\u00fd kr\u00e9m dopln\u011bn\u00fd bohatou porc\u00ed \u0161leha\u010dky. Nebudu zap\u00edrat, \u017ee tato kombinace je mou preferovanou. V\u00fdsledn\u00fd dojem byl tedy nakonec zachr\u00e1n\u011bn a kru\u0161ovick\u00fd st\u00e1nek se i nad\u00e1le bude t\u011b\u0161it na\u0161\u00ed p\u0159\u00edzni.<\/p>\n<div id='gallery-1' class='gallery galleryid-2442 gallery-columns-3 gallery-size-thumbnail'><figure class='gallery-item'>\n\t\t\t<div class='gallery-icon portrait'>\n\t\t\t\t<a href='https:\/\/www.vagus.cz\/wp-content\/vetrniky_dejvicka_1.jpg'><img loading=\"lazy\" decoding=\"async\" width=\"150\" height=\"150\" src=\"https:\/\/www.vagus.cz\/wp-content\/vetrniky_dejvicka_1-150x150.jpg\" class=\"attachment-thumbnail size-thumbnail\" alt=\"\" sizes=\"auto, 100vw\" \/><\/a>\n\t\t\t<\/div><\/figure><figure class='gallery-item'>\n\t\t\t<div class='gallery-icon portrait'>\n\t\t\t\t<a href='https:\/\/www.vagus.cz\/wp-content\/vetrniky_dejvicka_2.jpg'><img loading=\"lazy\" decoding=\"async\" width=\"150\" height=\"150\" src=\"https:\/\/www.vagus.cz\/wp-content\/vetrniky_dejvicka_2-150x150.jpg\" class=\"attachment-thumbnail size-thumbnail\" alt=\"\" sizes=\"auto, 100vw\" \/><\/a>\n\t\t\t<\/div><\/figure><figure class='gallery-item'>\n\t\t\t<div class='gallery-icon landscape'>\n\t\t\t\t<a href='https:\/\/www.vagus.cz\/wp-content\/vetrniky_dejvicka_3.jpg'><img loading=\"lazy\" decoding=\"async\" width=\"150\" height=\"150\" src=\"https:\/\/www.vagus.cz\/wp-content\/vetrniky_dejvicka_3-150x150.jpg\" class=\"attachment-thumbnail size-thumbnail\" alt=\"\" sizes=\"auto, 100vw\" \/><\/a>\n\t\t\t<\/div><\/figure><figure class='gallery-item'>\n\t\t\t<div class='gallery-icon landscape'>\n\t\t\t\t<a href='https:\/\/www.vagus.cz\/wp-content\/vetrniky_dejvicka_4.jpg'><img loading=\"lazy\" decoding=\"async\" width=\"150\" height=\"150\" src=\"https:\/\/www.vagus.cz\/wp-content\/vetrniky_dejvicka_4-150x150.jpg\" class=\"attachment-thumbnail size-thumbnail\" alt=\"\" sizes=\"auto, 100vw\" \/><\/a>\n\t\t\t<\/div><\/figure><figure class='gallery-item'>\n\t\t\t<div class='gallery-icon landscape'>\n\t\t\t\t<a href='https:\/\/www.vagus.cz\/wp-content\/vetrniky_dejvicka_5.jpg'><img loading=\"lazy\" decoding=\"async\" width=\"150\" height=\"150\" src=\"https:\/\/www.vagus.cz\/wp-content\/vetrniky_dejvicka_5-150x150.jpg\" class=\"attachment-thumbnail size-thumbnail\" alt=\"\" sizes=\"auto, 100vw\" \/><\/a>\n\t\t\t<\/div><\/figure><figure class='gallery-item'>\n\t\t\t<div class='gallery-icon landscape'>\n\t\t\t\t<a href='https:\/\/www.vagus.cz\/wp-content\/vetrniky_dejvicka_6.jpg'><img loading=\"lazy\" decoding=\"async\" width=\"150\" height=\"150\" src=\"https:\/\/www.vagus.cz\/wp-content\/vetrniky_dejvicka_6-150x150.jpg\" class=\"attachment-thumbnail size-thumbnail\" alt=\"\" sizes=\"auto, 100vw\" \/><\/a>\n\t\t\t<\/div><\/figure>\n\t\t<\/div>\n\n<p><strong>Kru\u0161ovick\u00e1 pek\u00e1rna, metro Dejvick\u00e1, Praha<\/strong><\/p>\n<p><strong>Velikost<\/strong>: 1\/5 &#8211; pr\u016fm\u011brem p\u0159ipom\u00ednal sp\u00ed\u0161e v\u011bne\u010dek<br \/>\n<strong>Vzhled<\/strong>: 1\/5 &#8211; notn\u011b pocuchan\u00fd<br \/>\n<strong>\u010cerstvost<\/strong>: 18\/20 &#8211; sice za\u0161pin\u011bn\u00fd, ale skute\u010dn\u011b tam le\u017eel jen od r\u00e1na<br \/>\n<strong>Poleva<\/strong>: 10\/20 &#8211; kontaminovan\u00e1 drobky z okoln\u00edch z\u00e1kusk\u016f<br \/>\n<strong>Korpus<\/strong>: 10\/10 &#8211; pod vidli\u010dkou k\u0159ehce se rozpadaj\u00edc\u00ed a v \u00fastech jemn\u011b se rozpl\u00fdvaj\u00edc\u00ed<br \/>\n<strong>N\u00e1pl\u0148<\/strong>: 32\/40 &#8211; nejsem \u017e\u00e1dn\u00fd <a href=\"http:\/\/www.vagus.cz\/2011\/08\/30\/lyssa-na-dlabem\/\" target=\"_blank\">chemik<\/a>, ale podle m\u00e9ho n\u00e1zoru byla nastaven\u00e1 \u017eelatinou nebo n\u011b\u010d\u00edm podobn\u00fdm<\/p>\n<p><strong>Celkem: 72\/100<\/strong><br \/>\n<em>Metodiku hodnocen\u00ed najdete <a href=\"http:\/\/www.vagus.cz\/2012\/02\/05\/vetrniky\/\" target=\"_blank\">zde<\/a><\/em><\/p>\n<div id=\"fb-root\"><\/div>\n<p><script src=\"http:\/\/connect.facebook.net\/en_US\/all.js#xfbml=1\"><\/script><fb:like href=\"http:\/\/www.vagus.cz\/2012\/02\/26\/krusovicka-cukrarna-na-dejvicke-navrch-fuj-vespod-huj\/\" send=\"true\" font=\"\"><\/fb:like><\/p>\n","protected":false},"excerpt":{"rendered":"<p>V\u011bhlas pek\u00e1rny a cukr\u00e1rny ve vestibulu metra Dejvick\u00e1 sahal v\u017edy p\u0159inejmen\u0161\u00edm k horn\u00edmu okraji Kula\u0165\u00e1ku. Letos v l\u00e9t\u011b se v\u0161ak obl\u00edben\u00fd sladkost\u00e1nek prom\u011bnil v odkladi\u0161t\u011b n\u00e1\u010din\u00ed obsluhy razic\u00edho \u0161t\u00edtu Tonda. S ozn\u00e1men\u00edm, \u017ee se znovu otev\u0159e za\u010d\u00e1tkem z\u00e1\u0159\u00ed. Kdy\u017e sl\u00edben\u00fd term\u00edn vypr\u0161el a v cukr\u00e1rn\u011b se st\u00e1le p\u0159evl\u00e9kali d\u011bl\u0148asov\u00e9, trnul jsem. Ale nakonec jsem se &hellip; <\/p>\n<p class=\"link-more\"><a href=\"https:\/\/www.vagus.cz\/?p=2442\" class=\"more-link\">Continue reading<span class=\"screen-reader-text\"> &#8220;Kru\u0161ovick\u00e1 cukr\u00e1rna, Dejvick\u00e1: Navrch fuj, vespod huj!&#8221;<\/span><\/a><\/p>\n","protected":false},"author":3,"featured_media":0,"comment_status":"open","ping_status":"open","sticky":false,"template":"","format":"standard","meta":{"footnotes":""},"categories":[28,86],"tags":[12],"class_list":["post-2442","post","type-post","status-publish","format-standard","hentry","category-vagourmet","category-vetrniky","tag-npyrin"],"_links":{"self":[{"href":"https:\/\/www.vagus.cz\/index.php?rest_route=\/wp\/v2\/posts\/2442","targetHints":{"allow":["GET"]}}],"collection":[{"href":"https:\/\/www.vagus.cz\/index.php?rest_route=\/wp\/v2\/posts"}],"about":[{"href":"https:\/\/www.vagus.cz\/index.php?rest_route=\/wp\/v2\/types\/post"}],"author":[{"embeddable":true,"href":"https:\/\/www.vagus.cz\/index.php?rest_route=\/wp\/v2\/users\/3"}],"replies":[{"embeddable":true,"href":"https:\/\/www.vagus.cz\/index.php?rest_route=%2Fwp%2Fv2%2Fcomments&post=2442"}],"version-history":[{"count":18,"href":"https:\/\/www.vagus.cz\/index.php?rest_route=\/wp\/v2\/posts\/2442\/revisions"}],"predecessor-version":[{"id":2466,"href":"https:\/\/www.vagus.cz\/index.php?rest_route=\/wp\/v2\/posts\/2442\/revisions\/2466"}],"wp:attachment":[{"href":"https:\/\/www.vagus.cz\/index.php?rest_route=%2Fwp%2Fv2%2Fmedia&parent=2442"}],"wp:term":[{"taxonomy":"category","embeddable":true,"href":"https:\/\/www.vagus.cz\/index.php?rest_route=%2Fwp%2Fv2%2Fcategories&post=2442"},{"taxonomy":"post_tag","embeddable":true,"href":"https:\/\/www.vagus.cz\/index.php?rest_route=%2Fwp%2Fv2%2Ftags&post=2442"}],"curies":[{"name":"wp","href":"https:\/\/api.w.org\/{rel}","templated":true}]}}