{"id":2521,"date":"2012-03-08T12:17:53","date_gmt":"2012-03-08T11:17:53","guid":{"rendered":"http:\/\/www.vagus.cz\/?p=2521"},"modified":"2012-03-08T12:18:43","modified_gmt":"2012-03-08T11:18:43","slug":"vagusky-slavi-mezinarrrodni-den-zen","status":"publish","type":"post","link":"https:\/\/www.vagus.cz\/?p=2521","title":{"rendered":"V\u00e1gusky slav\u00ed Mezin\u00e1RRRodn\u00ed den \u017een!"},"content":{"rendered":"<p>Dneska m\u00e1me Mezin\u00e1rodn\u00ed den \u017een, co\u017e je ide\u00e1ln\u00ed p\u0159\u00edle\u017eitost pro anga\u017eovanej street art. Tak\u017ee tady m\u00e1te pozdrav z na\u0161eho hoodu \u2013 u n\u00e1s toti\u017e v\u00edme, co je spr\u00e1vn\u00fd! Po\u0159\u00e1dn\u011b to oslavte, ale nezapome\u0148te, pro\u010d vlastn\u011b tenhle den vzniknul a hlavn\u011b, \u017ee ve spoust\u011b zem\u00ed po\u0159\u00e1d je\u0161t\u011b \u010das k oslav\u00e1m nenade\u0161el\u2026<\/p>\n<p><!--more--><a href=\"http:\/\/www.vagus.cz\/wp-content\/MDZ.jpg\"><img loading=\"lazy\" decoding=\"async\" src=\"http:\/\/www.vagus.cz\/wp-content\/MDZ.jpg\" alt=\"\" title=\"MDZ\" width=\"490\" height=\"326\" \/><\/a><\/p>\n<p>Pos\u00edl\u00e1me pozdravy do Ruska holk\u00e1m, <a href=\"http:\/\/www.guardian.co.uk\/music\/2012\/mar\/06\/russian-punks-pussy-riot-putin-protest\" target=\"_blank\">kter\u00fd maj v\u011bt\u0161\u00ed koule<\/a> ne\u017e spousta chlap\u016f kolem n\u00e1s. M\u011bjte o\u010di otev\u0159en\u00fd i ve va\u0161em okol\u00ed jsou mo\u017en\u00e1 \u017eeny, co si zaslou\u017e\u00ed va\u0161i pozornost.<\/p>\n<p>A pokud jste, stejn\u011b jako mu\u017esk\u00e1 \u010d\u00e1st v\u00e1gus redakce, zap\u0161kl\u00ed a na\u0161tvan\u00ed, \u017ee s v\u00e1mi dnes nikdo nic neoslavuje, m\u016f\u017eete si s nimi aspo\u0148 zazp\u00edvat p\u00edsni\u010dku\u2026<\/p>\n<p><iframe loading=\"lazy\" width=\"500\" height=\"369\" src=\"http:\/\/www.youtube.com\/embed\/wXFJRoH01xQ\" frameborder=\"0\" allowfullscreen><\/iframe><\/p>\n<div id=\"fb-root\"><\/div>\n<p><script src=\"http:\/\/connect.facebook.net\/en_US\/all.js#xfbml=1\"><\/script><fb:like href=\"http:\/\/www.vagus.cz\/2012\/03\/08\/vagusky-slavi-mezinarrodni-den-zen\" send=\"true\" font=\"\"><\/fb:like><\/p>\n","protected":false},"excerpt":{"rendered":"<p>Dneska m\u00e1me Mezin\u00e1rodn\u00ed den \u017een, co\u017e je ide\u00e1ln\u00ed p\u0159\u00edle\u017eitost pro anga\u017eovanej street art. Tak\u017ee tady m\u00e1te pozdrav z na\u0161eho hoodu \u2013 u n\u00e1s toti\u017e v\u00edme, co je spr\u00e1vn\u00fd! Po\u0159\u00e1dn\u011b to oslavte, ale nezapome\u0148te, pro\u010d vlastn\u011b tenhle den vzniknul a hlavn\u011b, \u017ee ve spoust\u011b zem\u00ed po\u0159\u00e1d je\u0161t\u011b \u010das k oslav\u00e1m nenade\u0161el\u2026<\/p>\n","protected":false},"author":6,"featured_media":0,"comment_status":"open","ping_status":"closed","sticky":false,"template":"","format":"standard","meta":{"footnotes":""},"categories":[37],"tags":[14],"class_list":["post-2521","post","type-post","status-publish","format-standard","hentry","category-foto-dna","tag-betla"],"_links":{"self":[{"href":"https:\/\/www.vagus.cz\/index.php?rest_route=\/wp\/v2\/posts\/2521","targetHints":{"allow":["GET"]}}],"collection":[{"href":"https:\/\/www.vagus.cz\/index.php?rest_route=\/wp\/v2\/posts"}],"about":[{"href":"https:\/\/www.vagus.cz\/index.php?rest_route=\/wp\/v2\/types\/post"}],"author":[{"embeddable":true,"href":"https:\/\/www.vagus.cz\/index.php?rest_route=\/wp\/v2\/users\/6"}],"replies":[{"embeddable":true,"href":"https:\/\/www.vagus.cz\/index.php?rest_route=%2Fwp%2Fv2%2Fcomments&post=2521"}],"version-history":[{"count":3,"href":"https:\/\/www.vagus.cz\/index.php?rest_route=\/wp\/v2\/posts\/2521\/revisions"}],"predecessor-version":[{"id":2525,"href":"https:\/\/www.vagus.cz\/index.php?rest_route=\/wp\/v2\/posts\/2521\/revisions\/2525"}],"wp:attachment":[{"href":"https:\/\/www.vagus.cz\/index.php?rest_route=%2Fwp%2Fv2%2Fmedia&parent=2521"}],"wp:term":[{"taxonomy":"category","embeddable":true,"href":"https:\/\/www.vagus.cz\/index.php?rest_route=%2Fwp%2Fv2%2Fcategories&post=2521"},{"taxonomy":"post_tag","embeddable":true,"href":"https:\/\/www.vagus.cz\/index.php?rest_route=%2Fwp%2Fv2%2Ftags&post=2521"}],"curies":[{"name":"wp","href":"https:\/\/api.w.org\/{rel}","templated":true}]}}