{"id":3265,"date":"2012-09-11T21:25:06","date_gmt":"2012-09-11T20:25:06","guid":{"rendered":"http:\/\/www.vagus.cz\/?p=3265"},"modified":"2012-09-12T10:20:22","modified_gmt":"2012-09-12T09:20:22","slug":"ciste-sialenstvo","status":"publish","type":"post","link":"https:\/\/www.vagus.cz\/?p=3265","title":{"rendered":"\u010cist\u00e9 \u0161ialenstvo"},"content":{"rendered":"<p>Pamatujete si, kdy naposled panovala ve sv\u011btov\u00e9 cyklistice n\u011bjak\u00e1 skute\u010dn\u00e1 rivalita? J\u00e1 jo. Bylo to v letech 1993 a 1994. A nebylo to na silnici, tam u\u017e absolutisticky vl\u00e1dl Miguel Indurain. Tehdy se v\u0161echno zaj\u00edmav\u00e9 d\u011blo na ov\u00e1lu, kde se o sv\u011btov\u00fd rekord v hodinovce p\u0159etahovali Chris Boardman a Graeme Obree. A pon\u011bvad\u017e druh\u00fd jmenovan\u00fd dnes slav\u00ed narozeniny, tak si o n\u011bm n\u011bco \u0159ekneme.<\/p>\n<p><!--more-->Eddy Merckx kdysi prohl\u00e1sil, \u017ee p\u0159\u00edprava na sv\u011btov\u00fd rekord v hodinovce mu sebrala t\u0159i roky \u017eivota. Graeme Obree to dok\u00e1zal za 24 hodin. Kdy\u017e se mu 16. \u010dervence 1993 nepovedlo rekord p\u0159ekonat, prost\u011b si jen zamluvil velodrom v Hamaru na dal\u0161\u00ed den. Ujel 51,596 kilometr\u016f a vymazal dev\u011bt let star\u00fd z\u00e1znam Francesco Mosera.<\/p>\n<p>Ale to je\u0161t\u011b po\u0159\u00e1d nen\u00ed v\u0161echno. Tenhle zabij\u00e1k ze Skotska to toti\u017e dok\u00e1zal na prapodivn\u00e9m \u0161lapohybu vlastn\u00ed konstrukce. Tak prapodivn\u00e9m, \u017ee se jeho posed \u201e<a href=\"http:\/\/www.vagus.cz\/wp-content\/obree_03.jpg\" target=\"_blank\">na kudlanku<\/a>\u201c znel\u00edbil funkcion\u00e1\u0159\u016fm z UCI. Kdy\u017e mu zak\u00e1zali le\u017eet na \u0159id\u00edtk\u00e1ch, prost\u011b je zahodil. Prodlou\u017eil p\u0159edstavec, p\u0159imontoval na n\u011bj dv\u011b bradla a vymyslel novou pozici &#8211; <a href=\"http:\/\/www.vagus.cz\/wp-content\/obree_05.jpg\" target=\"_blank\">Supermana<\/a>. Taky mu ji zak\u00e1zali. Jeho rival Chris Boardman s n\u00ed je\u0161t\u011b stihl v roce 1996 vytvo\u0159it nov\u00fd nejlep\u0161\u00ed v\u00fdkon v hodinovce a pak UCI rozhodla, \u017ee za sv\u011btov\u00fd rekord se bude uzn\u00e1vat pouze v\u00fdkon dosa\u017een\u00fd na standardn\u00edm dr\u00e1hov\u00e9m kole (a patrioty bude ur\u010dit\u011b zaj\u00edmat, \u017ee ten dr\u017e\u00ed od roku 2005 Ond\u0159ej Sosenka).<\/p>\n<p><iframe loading=\"lazy\" width=\"500\" height=\"375\" src=\"http:\/\/www.youtube.com\/embed\/ZTKTTnk0v2Y\" frameborder=\"0\" allowfullscreen><\/iframe><br \/>\n<iframe loading=\"lazy\" width=\"500\" height=\"375\" src=\"http:\/\/www.youtube.com\/embed\/DSGyFQOcXWQ\" frameborder=\"0\" allowfullscreen><\/iframe><br \/>\n<iframe loading=\"lazy\" width=\"500\" height=\"375\" src=\"http:\/\/www.youtube.com\/embed\/p_Nrp5gMyZs\" frameborder=\"0\" allowfullscreen><\/iframe><br \/>\n<iframe loading=\"lazy\" width=\"500\" height=\"375\" src=\"http:\/\/www.youtube.com\/embed\/EQ0s7X1Q2To\" frameborder=\"0\" allowfullscreen><\/iframe><\/p>\n<p>Toho v\u0161eho dos\u00e1hl Obree jako amat\u00e9r, nebo sp\u00ed\u0161 zevl a v\u00e1gus. Profesion\u00e1ln\u00ed licenci p\u0159ijal teprve pot\u00e9, co se stal mistrem sv\u011bta ve st\u00edha\u010dce. \u00dadajn\u011b pr\u00fd tehdy \u0159ekl: <em>\u201eJe\u017ed\u011bn\u00ed na kole mi m\u016f\u017ee vyd\u011blat v\u00edc ne\u017e podpora v nezam\u011bstnanosti.\u201c<\/em> Jen\u017ee jeho t\u00fdm ho brzo vyhodil, proto\u017ee se vyka\u0161lal na t\u00fdmov\u00e9 soust\u0159ed\u011bn\u00ed. On toti\u017e byl v\u017edycky tak trochu cvok. Trp\u011bl maniodepresemi a n\u011bkolikr\u00e1t se pokusil o sebevra\u017edu. Teprve loni p\u0159iznal, \u017ee jeho psychick\u00e9 probl\u00e9my mohly \u010d\u00e1ste\u010dn\u011b pramenit z toho, \u017ee je homosexu\u00e1l.<\/p>\n<p>Letos o sob\u011b dal v\u011bd\u011bt znovu. To kdy\u017e ohl\u00e1sil pokus o <a href=\"http:\/\/singletrackworld.com\/forum\/topic\/graeme-obree-ihpva-land-speed-record-challenge-now-to-take-place-in-uk\" target=\"_blank\">p\u0159ekon\u00e1n\u00ed rychlostn\u00edho rekordu<\/a> na stroji poh\u00e1n\u011bn\u00e9m v\u00fdhradn\u011b lidskou silou. Pro tento \u00fa\u010del si sestrojil speci\u00e1ln\u00ed <a href=\"https:\/\/twitter.com\/graemeobree\/status\/197420549184569345\/photo\/1\" target=\"_blank\">bicykl z kuchy\u0148sk\u00fdch hrnc\u016f<\/a>. N\u00e1s, v\u011brn\u00e9 fanou\u0161ky, to ov\u0161em nijak nep\u0159ekvapuje. Moc dob\u0159e toti\u017e v\u00edme, \u017ee sv\u00e9 legend\u00e1rn\u00ed kolo <em><a href=\"http:\/\/www.flickr.com\/photos\/34874593@N03\/sets\/72157620999567160\/with\/3691204282\/\">Old Faithful<\/a><\/em> si Graeme Obree postavil z bubnu od pra\u010dky.<\/p>\n<div id='gallery-1' class='gallery galleryid-3265 gallery-columns-3 gallery-size-thumbnail'><figure class='gallery-item'>\n\t\t\t<div class='gallery-icon landscape'>\n\t\t\t\t<a href='https:\/\/www.vagus.cz\/wp-content\/obree_01.jpg'><img loading=\"lazy\" decoding=\"async\" width=\"150\" height=\"150\" src=\"https:\/\/www.vagus.cz\/wp-content\/obree_01-150x150.jpg\" class=\"attachment-thumbnail size-thumbnail\" alt=\"\" sizes=\"auto, 100vw\" \/><\/a>\n\t\t\t<\/div><\/figure><figure class='gallery-item'>\n\t\t\t<div class='gallery-icon landscape'>\n\t\t\t\t<a href='https:\/\/www.vagus.cz\/wp-content\/obree_02.jpg'><img loading=\"lazy\" decoding=\"async\" width=\"150\" height=\"150\" src=\"https:\/\/www.vagus.cz\/wp-content\/obree_02-150x150.jpg\" class=\"attachment-thumbnail size-thumbnail\" alt=\"\" sizes=\"auto, 100vw\" \/><\/a>\n\t\t\t<\/div><\/figure><figure class='gallery-item'>\n\t\t\t<div class='gallery-icon landscape'>\n\t\t\t\t<a href='https:\/\/www.vagus.cz\/wp-content\/obree_03.jpg'><img loading=\"lazy\" decoding=\"async\" width=\"150\" height=\"150\" src=\"https:\/\/www.vagus.cz\/wp-content\/obree_03-150x150.jpg\" class=\"attachment-thumbnail size-thumbnail\" alt=\"\" sizes=\"auto, 100vw\" \/><\/a>\n\t\t\t<\/div><\/figure><figure class='gallery-item'>\n\t\t\t<div class='gallery-icon landscape'>\n\t\t\t\t<a href='https:\/\/www.vagus.cz\/wp-content\/obree_04.jpg'><img loading=\"lazy\" decoding=\"async\" width=\"150\" height=\"150\" src=\"https:\/\/www.vagus.cz\/wp-content\/obree_04-150x150.jpg\" class=\"attachment-thumbnail size-thumbnail\" alt=\"\" sizes=\"auto, 100vw\" \/><\/a>\n\t\t\t<\/div><\/figure><figure class='gallery-item'>\n\t\t\t<div class='gallery-icon landscape'>\n\t\t\t\t<a href='https:\/\/www.vagus.cz\/wp-content\/obree_05.jpg'><img loading=\"lazy\" decoding=\"async\" width=\"150\" height=\"150\" src=\"https:\/\/www.vagus.cz\/wp-content\/obree_05-150x150.jpg\" class=\"attachment-thumbnail size-thumbnail\" alt=\"\" sizes=\"auto, 100vw\" \/><\/a>\n\t\t\t<\/div><\/figure><figure class='gallery-item'>\n\t\t\t<div class='gallery-icon landscape'>\n\t\t\t\t<a href='https:\/\/www.vagus.cz\/wp-content\/obree_06.jpg'><img loading=\"lazy\" decoding=\"async\" width=\"150\" height=\"150\" src=\"https:\/\/www.vagus.cz\/wp-content\/obree_06-150x150.jpg\" class=\"attachment-thumbnail size-thumbnail\" alt=\"\" sizes=\"auto, 100vw\" \/><\/a>\n\t\t\t<\/div><\/figure>\n\t\t<\/div>\n\n<p>V\u0161echny pou\u017eit\u00e9 fotky jsou z ofici\u00e1ln\u00edho <a href=\"http:\/\/www.obree.com\/\" target=\"_blank\">webu<\/a> a <a href=\"https:\/\/twitter.com\/GraemeObree\/\" target=\"_blank\">twitteru<\/a>. Pokud si chcete p\u0159e\u010d\u00edst, jak to ten chlap sakra d\u011blal a d\u011bl\u00e1, tak <a href=\"http:\/\/launch.theobreeway.com\/\" target=\"_blank\">pr\u00e1v\u011b vyd\u00e1v\u00e1 kn\u00ed\u017eku<\/a>. A pokud by v\u00e1m to po\u0159\u00e1d bylo m\u00e1lo, m\u016f\u017eete se mrknout i na <a href=\"http:\/\/www.imdb.com\/title\/tt0472268\/\" target=\"_blank\">\u017eivotopisn\u00fd film<\/a> s um\u011bleckou licenc\u00ed.<\/p>\n<p><script src=\"http:\/\/connect.facebook.net\/en_US\/all.js#xfbml=1\"><\/script><fb:like href=\"http:\/\/www.vagus.cz\/?p=3265\" show_faces=\"true\" width=\"450\"><\/fb:like><\/p>\n","protected":false},"excerpt":{"rendered":"<p>Pamatujete si, kdy naposled panovala ve sv\u011btov\u00e9 cyklistice n\u011bjak\u00e1 skute\u010dn\u00e1 rivalita? J\u00e1 jo. Bylo to v letech 1993 a 1994. A nebylo to na silnici, tam u\u017e absolutisticky vl\u00e1dl Miguel Indurain. Tehdy se v\u0161echno zaj\u00edmav\u00e9 d\u011blo na ov\u00e1lu, kde se o sv\u011btov\u00fd rekord v hodinovce p\u0159etahovali Chris Boardman a Graeme Obree. A pon\u011bvad\u017e druh\u00fd jmenovan\u00fd &hellip; <\/p>\n<p class=\"link-more\"><a href=\"https:\/\/www.vagus.cz\/?p=3265\" class=\"more-link\">Continue reading<span class=\"screen-reader-text\"> &#8220;\u010cist\u00e9 \u0161ialenstvo&#8221;<\/span><\/a><\/p>\n","protected":false},"author":3,"featured_media":0,"comment_status":"open","ping_status":"closed","sticky":false,"template":"","format":"standard","meta":{"footnotes":""},"categories":[64,10],"tags":[12],"class_list":["post-3265","post","type-post","status-publish","format-standard","hentry","category-cyklostyl","category-image-je-vsechno","tag-npyrin"],"_links":{"self":[{"href":"https:\/\/www.vagus.cz\/index.php?rest_route=\/wp\/v2\/posts\/3265","targetHints":{"allow":["GET"]}}],"collection":[{"href":"https:\/\/www.vagus.cz\/index.php?rest_route=\/wp\/v2\/posts"}],"about":[{"href":"https:\/\/www.vagus.cz\/index.php?rest_route=\/wp\/v2\/types\/post"}],"author":[{"embeddable":true,"href":"https:\/\/www.vagus.cz\/index.php?rest_route=\/wp\/v2\/users\/3"}],"replies":[{"embeddable":true,"href":"https:\/\/www.vagus.cz\/index.php?rest_route=%2Fwp%2Fv2%2Fcomments&post=3265"}],"version-history":[{"count":13,"href":"https:\/\/www.vagus.cz\/index.php?rest_route=\/wp\/v2\/posts\/3265\/revisions"}],"predecessor-version":[{"id":3276,"href":"https:\/\/www.vagus.cz\/index.php?rest_route=\/wp\/v2\/posts\/3265\/revisions\/3276"}],"wp:attachment":[{"href":"https:\/\/www.vagus.cz\/index.php?rest_route=%2Fwp%2Fv2%2Fmedia&parent=3265"}],"wp:term":[{"taxonomy":"category","embeddable":true,"href":"https:\/\/www.vagus.cz\/index.php?rest_route=%2Fwp%2Fv2%2Fcategories&post=3265"},{"taxonomy":"post_tag","embeddable":true,"href":"https:\/\/www.vagus.cz\/index.php?rest_route=%2Fwp%2Fv2%2Ftags&post=3265"}],"curies":[{"name":"wp","href":"https:\/\/api.w.org\/{rel}","templated":true}]}}