{"id":338,"date":"2009-11-12T22:19:07","date_gmt":"2009-11-12T21:19:07","guid":{"rendered":"http:\/\/www.vagus.cz\/?p=338"},"modified":"2009-11-09T22:21:13","modified_gmt":"2009-11-09T21:21:13","slug":"plesova-sezona","status":"publish","type":"post","link":"https:\/\/www.vagus.cz\/?p=338","title":{"rendered":"Plesov\u00e1 sez\u00f3na"},"content":{"rendered":"<p>Kone\u010dn\u011b jsem p\u0159i\u0161la na to, pro\u010d je plesov\u00e1 sezona pevn\u011b ustanovena na zimu! Nen\u00ed to pouze \u010dist\u011b \u0161ovinistick\u00fd pokus mu\u017e\u016f (pohodln\u011b zah\u0159\u00edvan\u00fdch vrstvou ko\u0161ile, vesti\u010dky a saka) ulovit o\u010dima co nejv\u00edce bradavek pod tenkou l\u00e1tkou plesov\u00fdch \u0161at\u016f. <\/p>\n<p>Mu\u017e (lehce spole\u010densky znaven) si odv\u00e1d\u00ed dom\u016f p\u00e1r bradavek (t\u00e9\u017e pon\u011bkud podrou\u0161en\u00fdch). A nebo\u0165 \u017eeny i jejich bradavky jsou citliv\u00e9, mu\u017e dob\u0159e v\u00ed, \u017ee nejv\u00edce zaboduje aktem soci\u00e1ln\u00ed solidarity (na akt jin\u00fd je zat\u00edm p\u0159\u00edli\u0161 brzy). Proto m\u00e1 tendence obdarov\u00e1vat t\u00e9m\u011b\u0159 v\u0161echny v\u00e1guse, na kter\u00e9 natref\u00ed n\u011bjakou drobnou minc\u00ed. Ukazuje t\u00edm citlivost, spole\u010denskou odpov\u011bdnost, snahu \u010delit probl\u00e9m\u016fm a v neposledn\u00ed \u0159ad\u011b tak\u00e9 ut\u011b\u0161enou finan\u010dn\u00ed situaci. \u017deny pak s men\u0161\u00edmi v\u00fd\u010ditkami odhaluj\u00ed bradavky (\u201eOn je p\u0159ece tak hodnej\u2026\u201c), mu\u017ei sk\u00f3ruj\u00ed (\u201eJe\u0161t\u011b\u017ee jsou ty plesy v zim\u011b, to u\u017e dop\u0159edu v\u00edm, co na m\u011b pod \u0161atama \u010dek\u00e1\u2026\u201c) a v\u00e1gus dostane drob\u00e1k\u2026 (\u201eIron!\u201c)<\/p>\n<p>Happy end!<\/p>\n","protected":false},"excerpt":{"rendered":"<p>Kone\u010dn\u011b jsem p\u0159i\u0161la na to, pro\u010d je plesov\u00e1 sezona pevn\u011b ustanovena na zimu! Nen\u00ed to pouze \u010dist\u011b \u0161ovinistick\u00fd pokus mu\u017e\u016f (pohodln\u011b zah\u0159\u00edvan\u00fdch vrstvou ko\u0161ile, vesti\u010dky a saka) ulovit o\u010dima co nejv\u00edce bradavek pod tenkou l\u00e1tkou plesov\u00fdch \u0161at\u016f. Mu\u017e (lehce spole\u010densky znaven) si odv\u00e1d\u00ed dom\u016f p\u00e1r bradavek (t\u00e9\u017e pon\u011bkud podrou\u0161en\u00fdch). A nebo\u0165 \u017eeny i jejich bradavky &hellip; <\/p>\n<p class=\"link-more\"><a href=\"https:\/\/www.vagus.cz\/?p=338\" class=\"more-link\">Continue reading<span class=\"screen-reader-text\"> &#8220;Plesov\u00e1 sez\u00f3na&#8221;<\/span><\/a><\/p>\n","protected":false},"author":1,"featured_media":0,"comment_status":"open","ping_status":"open","sticky":false,"template":"","format":"standard","meta":{"footnotes":""},"categories":[27],"tags":[26],"class_list":["post-338","post","type-post","status-publish","format-standard","hentry","category-moda-a-vztahy","tag-kz"],"_links":{"self":[{"href":"https:\/\/www.vagus.cz\/index.php?rest_route=\/wp\/v2\/posts\/338","targetHints":{"allow":["GET"]}}],"collection":[{"href":"https:\/\/www.vagus.cz\/index.php?rest_route=\/wp\/v2\/posts"}],"about":[{"href":"https:\/\/www.vagus.cz\/index.php?rest_route=\/wp\/v2\/types\/post"}],"author":[{"embeddable":true,"href":"https:\/\/www.vagus.cz\/index.php?rest_route=\/wp\/v2\/users\/1"}],"replies":[{"embeddable":true,"href":"https:\/\/www.vagus.cz\/index.php?rest_route=%2Fwp%2Fv2%2Fcomments&post=338"}],"version-history":[{"count":0,"href":"https:\/\/www.vagus.cz\/index.php?rest_route=\/wp\/v2\/posts\/338\/revisions"}],"wp:attachment":[{"href":"https:\/\/www.vagus.cz\/index.php?rest_route=%2Fwp%2Fv2%2Fmedia&parent=338"}],"wp:term":[{"taxonomy":"category","embeddable":true,"href":"https:\/\/www.vagus.cz\/index.php?rest_route=%2Fwp%2Fv2%2Fcategories&post=338"},{"taxonomy":"post_tag","embeddable":true,"href":"https:\/\/www.vagus.cz\/index.php?rest_route=%2Fwp%2Fv2%2Ftags&post=338"}],"curies":[{"name":"wp","href":"https:\/\/api.w.org\/{rel}","templated":true}]}}