{"id":4431,"date":"2013-03-17T13:45:53","date_gmt":"2013-03-17T12:45:53","guid":{"rendered":"http:\/\/www.vagus.cz\/?p=4431"},"modified":"2013-04-02T00:36:43","modified_gmt":"2013-04-01T23:36:43","slug":"mrtvy-klid-nedelniho-odpoledne-v","status":"publish","type":"post","link":"https:\/\/www.vagus.cz\/?p=4431","title":{"rendered":"Mrtv\u00fd klid ned\u011bln\u00edho odpoledne V"},"content":{"rendered":"<p>B\u00edl\u00fd nebo \u010dern\u00fd kou\u0159? Nigerijec nebo Ital? Bude proti potrat\u016fm \u00fapln\u011b, nebo jen nap\u016fl? A u\u017e je to tady! Je z Argentiny, m\u00e1 smysl pro humor a jezd\u00ed autobusem. Prost\u011b k se\u017er\u00e1n\u00ed. Ud\u00e1losti ve Vatik\u00e1nu v posledn\u00ed t\u00fddnech pln\u00ed noviny a barva sand\u00e1l\u016f nov\u00e9ho pape\u017ee ned\u00e1 nikomu sp\u00e1t. Co na tom, \u017ee nov\u00fd svat\u00fd otec je od toho star\u00e9ho k nerozezn\u00e1n\u00ed. <em>\u201eJe inteleku\u00e1l, co\u017e prozrazuje ji\u017e jeho fyziognomie \u2013 vysok\u00e9 \u010delo a asketick\u00e1 tv\u00e1\u0159,\u201c<\/em> ubezpe\u010d\u00ed n\u00e1s Mlad\u00e1 Fronta. Kdo jin\u00fd ne\u017e intelektu\u00e1l by si ostatn\u011b mohl myslet, \u017ee adopce d\u011bt\u00ed homosexu\u00e1ln\u00edmi p\u00e1ry je v rozporu s bo\u017e\u00edm z\u00e1m\u011brem, \u017ee jo.<\/p>\n<p><!--more--><a href=\"http:\/\/www.vagus.cz\/wp-content\/MKNO_papez.png\"><img loading=\"lazy\" decoding=\"async\" src=\"http:\/\/www.vagus.cz\/wp-content\/MKNO_papez.png\" alt=\"\" title=\"MKNO_papez\" width=\"490\" height=\"220\" class=\"alignnone size-full wp-image-4440\" srcset=\"https:\/\/www.vagus.cz\/wp-content\/MKNO_papez.png 776w, https:\/\/www.vagus.cz\/wp-content\/MKNO_papez-300x134.png 300w\" sizes=\"auto, (max-width: 490px) 100vw, 490px\" \/><\/a><\/p>\n<p>Stejn\u011b jako d\u00edt\u011b na Mat\u011bjsk\u00e9 b\u011bh\u00e1 od jedn\u00e9 atrakce ke druh\u00e9 podle toho, kde to v\u00edc blik\u00e1 a maj\u00ed tam v\u00edc cukrov\u00e9 vaty, i mainstreamov\u00e1 m\u00e9dia neomyln\u011b m\u00ed\u0159\u00ed tam, kde je za nejm\u00ed\u0148 pr\u00e1ce nejv\u00edc z\u00e1bavy. Jen do stra\u0161ideln\u00e9ho hradu hl\u00eddan\u00e9ho nerudn\u00fdm koloto\u010d\u00e1\u0159em se nikomu nechce.<\/p>\n<p>P\u0159ed dv\u011bma t\u00fddny se Bradley Manning p\u0159ed vojensk\u00fdm soudem p\u0159iznal k tomu, \u017ee vynesl utajovan\u00e9 materi\u00e1ly a <a href=\"http:\/\/www.youtube.com\/watch?v=to3Ymw8L6ZI\" target=\"_blank\">videa<\/a> dokumentuj\u00edc\u00ed americk\u00e9 v\u00e1le\u010dn\u00e9 zlo\u010diny v Ir\u00e1ku a Afgh\u00e1nist\u00e1nu. Kr\u00e1tk\u00e1 zpr\u00e1va tiskov\u00fdch agentur, pozn\u00e1mka pod \u010darou d\u011bjin. <em>\u201eM\u00edsto p\u0159ivol\u00e1n\u00ed pomoci jeden z pilot\u016f vyz\u00fdval zran\u011bn\u00e9ho, aby sebral zbra\u0148 a on tak na n\u011bj mohl za\u00fato\u010dit. P\u0159ipom\u00edn\u00e1 mi to d\u00edt\u011b mu\u010d\u00edc\u00ed mravence lupou,\u201c<\/em> <a href=\"http:\/\/www.guardian.co.uk\/world\/2013\/mar\/01\/bradley-manning-wikileaks-statement-full-text\" target=\"_blank\">popisoval motivy<\/a> sv\u00e9ho \u010dinu kluk star\u00fd jako j\u00e1, kter\u00fd posledn\u00ed t\u0159i roky str\u00e1vil zav\u0159en\u00fd na samotce a nejsp\u00ed\u0161 tam z\u016fstane i zbytek \u017eivota. Jen proto, \u017ee u\u017e se na to nemohl d\u00e1l d\u00edvat a sebral odvahu k odporu.<\/p>\n<p><em>\u201eV\u0161ichni p\u0159\u00edslu\u0161n\u00edci syst\u00e9mu, kte\u0159\u00ed ve\u0159ejn\u011b odhal\u00ed fakta odporuj\u00edc\u00ed ofici\u00e1ln\u00edmu p\u0159\u00edb\u011bhu, te\u010f budou v\u011bzn\u011bni (&#8230;). Existuje  slovo, kter\u00fdm se popisuj\u00ed st\u00e1ty vytv\u00e1\u0159ej\u00edc\u00ed takov\u00fd typ informa\u010dn\u00edho vakua &#8211; totalit\u00e1\u0159sk\u00e9,\u201c<\/em> vystihl proces v <a href=\"http:\/\/www.truthdig.com\/report\/item\/we_are_bradley_manning_20130303\/\" target=\"_blank\">t\u00e9hle skv\u011bl\u00e9 report\u00e1\u017ei<\/a> Chris Hedges, jeden z m\u00e1la novin\u00e1\u0159\u016f, kter\u00e9 dnes stoj\u00ed za to \u010d\u00edst. A nebo si rovnou m\u016f\u017eete <a href=\"http:\/\/www.vice.com\/read\/bradley-mannings-court-testimonyleaked\" target=\"_blank\">poslechnout z\u00e1znam<\/a>, kter\u00fd se n\u011bkomu poda\u0159ilo nahr\u00e1t a vyn\u00e9st ze soudn\u00ed s\u00edn\u011b. <\/p>\n<p><a href=\"http:\/\/www.vagus.cz\/wp-content\/MKNO_manning.jpg\"><img loading=\"lazy\" decoding=\"async\" src=\"http:\/\/www.vagus.cz\/wp-content\/MKNO_manning.jpg\" alt=\"\" title=\"MKNO_manning\" width=\"490\" height=\"275\" class=\"alignnone size-full wp-image-4441\" srcset=\"https:\/\/www.vagus.cz\/wp-content\/MKNO_manning.jpg 776w, https:\/\/www.vagus.cz\/wp-content\/MKNO_manning-300x168.jpg 300w\" sizes=\"auto, (max-width: 490px) 100vw, 490px\" \/><\/a><\/p>\n<p>Na povaze lidstva se toho v pr\u016fb\u011bhu \u010dasu zjevn\u011b moc nem\u011bn\u00ed. Zat\u00edmco jedni kla\u010fasov\u00e9 \u017eehnaj\u00ed j\u00e1saj\u00edc\u00edm dav\u016fm, druz\u00ed hnij\u00ed v cele. P\u00e1r lid\u00ed nakop\u00e1v\u00e1 sv\u011bt dop\u0159edu a jin\u00ed ho vytrvale t\u00e1hnou nazp\u011bt. Sv\u00e9 o tom nejsp\u00ed\u0161 v\u011bd\u011bl i Albert Einstein, od jeho\u017e narozen\u00ed ve \u010dtvrtek uplynulo 134 let. N\u011bkdy ve t\u0159ic\u00e1t\u00fdch letech v dopise protiv\u00e1le\u010dn\u00fdm aktivist\u016fm <a href=\"http:\/\/books.google.cz\/books?id=ZpdlRg2IJUcC\" target=\"_blank\">napsal<\/a>: <em>\u201eDoneslo se mi, \u017ee z velkodu\u0161nosti, z obav o lidi a jejich osud ti\u0161e kon\u00e1te velik\u00e9 v\u011bci. Je m\u00e1lo takov\u00fdch, kte\u0159\u00ed se d\u00edvaj\u00ed vlastn\u00edma o\u010dima a c\u00edt\u00ed vlastn\u00edm srdcem. Na jejich s\u00edle bude z\u00e1le\u017eet, zda lidi znovu klesnou do otup\u011blosti, kterou dnes oslepen\u00e9 davy zjevn\u011b pova\u017euj\u00ed za c\u00edl (\u2026) Nem\u016f\u017eeme upadat do pochyb o \u010dlov\u011bku, proto\u017ee i my jsme lid\u00e9. A je \u00fat\u011bchou, \u017ee je\u0161t\u011b existuj\u00ed osobnosti jako Vy, o nich\u017e v\u00edme, \u017ee jejich up\u0159\u00edmnost neumdl\u00e9v\u00e1.\u201c<\/em> <\/p>\n<p>Nev\u00edm, jestli je to pro na\u0161i dobu \u00fapln\u011b pozitivn\u00ed vizitka, ale i dnes bychom pro tenhle dopis snadno na\u0161li adres\u00e1ta. <\/p>\n<p><script src=\"http:\/\/connect.facebook.net\/en_US\/all.js#xfbml=1\"><\/script><fb:like href=\"http:\/\/www.vagus.cz\/?p=4431\"><\/fb:like><\/p>\n","protected":false},"excerpt":{"rendered":"<p>B\u00edl\u00fd nebo \u010dern\u00fd kou\u0159? Nigerijec nebo Ital? Bude proti potrat\u016fm \u00fapln\u011b, nebo jen nap\u016fl? A u\u017e je to tady! Je z Argentiny, m\u00e1 smysl pro humor a jezd\u00ed autobusem. Prost\u011b k se\u017er\u00e1n\u00ed. Ud\u00e1losti ve Vatik\u00e1nu v posledn\u00ed t\u00fddnech pln\u00ed noviny a barva sand\u00e1l\u016f nov\u00e9ho pape\u017ee ned\u00e1 nikomu sp\u00e1t. Co na tom, \u017ee nov\u00fd svat\u00fd otec &hellip; <\/p>\n<p class=\"link-more\"><a href=\"https:\/\/www.vagus.cz\/?p=4431\" class=\"more-link\">Continue reading<span class=\"screen-reader-text\"> &#8220;Mrtv\u00fd klid ned\u011bln\u00edho odpoledne V&#8221;<\/span><\/a><\/p>\n","protected":false},"author":5,"featured_media":0,"comment_status":"open","ping_status":"closed","sticky":false,"template":"","format":"standard","meta":{"footnotes":""},"categories":[103,22],"tags":[19],"class_list":["post-4431","post","type-post","status-publish","format-standard","hentry","category-mrtvy-klid-nedelniho-odpoledne","category-historky-z-nadrazky","tag-matous"],"_links":{"self":[{"href":"https:\/\/www.vagus.cz\/index.php?rest_route=\/wp\/v2\/posts\/4431","targetHints":{"allow":["GET"]}}],"collection":[{"href":"https:\/\/www.vagus.cz\/index.php?rest_route=\/wp\/v2\/posts"}],"about":[{"href":"https:\/\/www.vagus.cz\/index.php?rest_route=\/wp\/v2\/types\/post"}],"author":[{"embeddable":true,"href":"https:\/\/www.vagus.cz\/index.php?rest_route=\/wp\/v2\/users\/5"}],"replies":[{"embeddable":true,"href":"https:\/\/www.vagus.cz\/index.php?rest_route=%2Fwp%2Fv2%2Fcomments&post=4431"}],"version-history":[{"count":8,"href":"https:\/\/www.vagus.cz\/index.php?rest_route=\/wp\/v2\/posts\/4431\/revisions"}],"predecessor-version":[{"id":4550,"href":"https:\/\/www.vagus.cz\/index.php?rest_route=\/wp\/v2\/posts\/4431\/revisions\/4550"}],"wp:attachment":[{"href":"https:\/\/www.vagus.cz\/index.php?rest_route=%2Fwp%2Fv2%2Fmedia&parent=4431"}],"wp:term":[{"taxonomy":"category","embeddable":true,"href":"https:\/\/www.vagus.cz\/index.php?rest_route=%2Fwp%2Fv2%2Fcategories&post=4431"},{"taxonomy":"post_tag","embeddable":true,"href":"https:\/\/www.vagus.cz\/index.php?rest_route=%2Fwp%2Fv2%2Ftags&post=4431"}],"curies":[{"name":"wp","href":"https:\/\/api.w.org\/{rel}","templated":true}]}}