{"id":5843,"date":"2013-09-16T19:51:49","date_gmt":"2013-09-16T18:51:49","guid":{"rendered":"http:\/\/www.vagus.cz\/?p=5843"},"modified":"2013-09-16T19:59:05","modified_gmt":"2013-09-16T18:59:05","slug":"hitler-meets-havel","status":"publish","type":"post","link":"https:\/\/www.vagus.cz\/?p=5843","title":{"rendered":"Hitler meets Havel"},"content":{"rendered":"<p>A jin\u00e9 (nejen) kulturn\u00ed zb\u011bsilosti na t\u0159et\u00ed z\u00e1\u0159ijov\u00fd t\u00fdden.<\/p>\n<p><strong>Akce t\u00fddne<\/strong><br \/>\n<a href=\"http:\/\/www.auto-mat.cz\/?post_type=pozvanka&amp;p=15753\" target=\"_blank\">ZA\u017d\u00cdT M\u011aSTO JINAK<\/a><br \/>\n21. 9., 10:00 \u2013 cel\u00e1 Praha, obzvl\u00e1\u0161t\u011b pak Vinohrady<br \/>\nTahle akce narostla u\u017e do takov\u00fdch rozm\u011br\u016f, \u017ee nem\u00e1me s\u00edlu pro\u010d\u00edtat ve\u0161ker\u00fd program a vypisovat to nejlep\u0161\u00ed. To si m\u016f\u017eete ud\u011blat sami. Ale s radost\u00ed v\u00e1s zveme k <strong>V\u00e1gus st\u00e1nku<\/strong>, kter\u00fd op\u011bt najdete ve vinohradsk\u00e9 z\u00f3n\u011b (pro p\u0159esn\u00e9 info sledujte n\u00e1\u0161 <a href=\"https:\/\/www.facebook.com\/vagus.cz\" target=\"_blank\">facebook<\/a> a <a href=\"https:\/\/twitter.com\/vagus_cz\" target=\"_blank\">twitter<\/a>, pokud u\u017e tak d\u00e1vno ned\u011bl\u00e1te).<\/p>\n<p><!--more-->Co v\u00e1s letos \u010dek\u00e1:<\/p>\n<ul>\n<li>TRIKA d\u00e1msk\u00e1, p\u00e1nsk\u00e1, d\u011btsk\u00e1 s kolou\u0161ky, koly, \u0159et\u011bzy, Sim\u00edrem i jeleny. Takhle levn\u00fd a kvalitn\u00ed \u201eautorsk\u00fd design\u201c \u0161iroko daleko nenajdete!<\/li>\n<li>N\u00c1U\u0160NICE z \u0159et\u011bz\u016f, di\u00e1k\u016f a jin\u00fdch zd\u00e1nliv\u011b nepot\u0159ebn\u00fdch a odlo\u017een\u00fdch v\u011bc\u00ed. A mo\u017en\u00e1 dojde i k v\u00fdrob\u011b na m\u00edru p\u0159\u00edmo na m\u00edst\u011b. Takhle levn\u00fd a kvalitn\u00ed \u201erecycle art\u201c \u0161iroko daleko nenajdete!<\/li>\n<li>M\u00e1me <a href=\"http:\/\/www.vagus.cz\/?p=5025\" target=\"_blank\">PLACKY<\/a>. Tak tis\u00edc kus\u016f. Sice nezab\u00edraj\u00ed moc m\u00edsta, ale p\u0159esto se n\u00e1m nemus\u00ed v\u00e1let doma. Pomozte n\u00e1m od nich!<\/li>\n<li>Bude OB\u010cERSTVEN\u00cd! A to ob\u010derstven\u00ed pro vegany, vegetari\u00e1ny, bezlepk\u00e1\u0159e i maso\u017eravce. M\u00e1me v\u00e1s r\u00e1di v\u0161echny a pe\u010deme ty nejlep\u0161\u00ed buchty!<\/li>\n<li>V\u00c1GUS BAR. S profi podniky se v \u0161\u00ed\u0159i nab\u00eddky nem\u016f\u017eeme m\u011b\u0159it. Vlastn\u011b v\u00e1m nam\u00edch\u00e1me jen jeden drink. Ale je snad n\u011bco lep\u0161\u00edho ne\u017e kofola s rumem?<\/li>\n<li>A mo\u017en\u00e1 p\u0159ichyst\u00e1me i ANTIKVARI\u00c1T. \u010cili v\u011bci, kter\u00e9 NP na\u0161el u popelnice a KZ mu zak\u00e1zala schov\u00e1vat je doma.<\/li>\n<\/ul>\n<p><a href=\"https:\/\/www.facebook.com\/events\/660329107312690\/\" target=\"_blank\">TRA\u0164 GALERI\u00cd<\/a><br \/>\n19.\u201321.9., Negrelliho viadukt (mezi K\u0159i\u017e\u00edkovou a Sokolovskou)<br \/>\nKdo byl t\u0159eba v Pa\u0159\u00ed\u017ei nebo Berl\u00edn\u011b, tak jist\u011b narazil na n\u011bjak\u00fd viadukt, mezi jeho\u017e oblouky se nach\u00e1z\u00ed kup\u0159\u00edkladu bary, kav\u00e1rny, galerie\u2026 V Praze na takov\u00fdch m\u00edstech zat\u00edm byly p\u0159edev\u0161\u00edm sklady, parkovi\u0161t\u011b nebo neofici\u00e1ln\u00ed ve\u0159ejn\u00fd hajzl\u00edky. To se te\u010f na p\u00e1r dn\u00ed zm\u011bn\u00ed a vy tak m\u016f\u017eete zaj\u00edt do Karl\u00edna na v\u00fdstavy, koncerty, projekce, d\u00edlny apod. Douf\u00e1me, \u017ee to je prvn\u00ed krok k trval\u00e9mu o\u017eiven\u00ed.<\/p>\n<p><strong>\u010cetba t\u00fddne<\/strong><br \/>\nVARL\u00c9N ANEB DEN\u00cdKY V\u0160EDN\u00cd \u00daZKOSTI<br \/>\nTato vskutku z\u00e1sadn\u00ed \u010detba souvis\u00ed s v\u00fd\u0161e avizovanou akc\u00ed. V p\u00e1tek 20. toti\u017e od 18 hodin prob\u011bhne S.d.Ch. Divadeln\u00ed semin\u00e1\u0159 Varl\u00e9n: Vil\u00e1go\u0161 pod viaduktem. Kdo Varl\u00e9na je\u0161t\u011b nepoznal, okam\u017eit\u011b v\u0161ech dev\u011bt komiksov\u00fdch se\u0161it\u016f tvo\u0159en\u00fdch technikou kol\u00e1\u017ee nastuduje! Jinak n\u00e1m bude t\u011b\u017eko rozum\u011bt. My toti\u017e Varl\u00e9novy p\u0159\u00edb\u011bhy m\u00e1me moc r\u00e1di. Jsou pln\u00e9 takov\u00e9ho n\u011b\u017en\u00e9ho sofistikovan\u00e9ho humoru. Trochu n\u00e1m p\u0159ipom\u00ednaj\u00ed Sl\u00e1vka Dolej\u0161\u00edho. Kdo v\u00ed, jestli ve skute\u010dnosti nejde o jednoho autora\u2026     <\/p>\n<div id='gallery-1' class='gallery galleryid-5843 gallery-columns-3 gallery-size-thumbnail'><figure class='gallery-item'>\n\t\t\t<div class='gallery-icon portrait'>\n\t\t\t\t<a href='https:\/\/www.vagus.cz\/wp-content\/varlen_01.jpg'><img loading=\"lazy\" decoding=\"async\" width=\"150\" height=\"150\" src=\"https:\/\/www.vagus.cz\/wp-content\/varlen_01-150x150.jpg\" class=\"attachment-thumbnail size-thumbnail\" alt=\"\" sizes=\"auto, 100vw\" \/><\/a>\n\t\t\t<\/div><\/figure><figure class='gallery-item'>\n\t\t\t<div class='gallery-icon portrait'>\n\t\t\t\t<a href='https:\/\/www.vagus.cz\/wp-content\/varlen_02.png'><img loading=\"lazy\" decoding=\"async\" width=\"150\" height=\"150\" src=\"https:\/\/www.vagus.cz\/wp-content\/varlen_02-150x150.png\" class=\"attachment-thumbnail size-thumbnail\" alt=\"\" sizes=\"auto, 100vw\" \/><\/a>\n\t\t\t<\/div><\/figure><figure class='gallery-item'>\n\t\t\t<div class='gallery-icon portrait'>\n\t\t\t\t<a href='https:\/\/www.vagus.cz\/wp-content\/varlen_03.png'><img loading=\"lazy\" decoding=\"async\" width=\"150\" height=\"150\" src=\"https:\/\/www.vagus.cz\/wp-content\/varlen_03-150x150.png\" class=\"attachment-thumbnail size-thumbnail\" alt=\"\" sizes=\"auto, 100vw\" \/><\/a>\n\t\t\t<\/div><\/figure>\n\t\t<\/div>\n\n<p><strong>Politikum t\u00fddne<\/strong><br \/>\n<a href=\"http:\/\/www.vseobecnyzakladniprijem.cz\/\" target=\"_blank\">CELOEVROPSK\u00dd T\u00ddDEN ZA NEPODM\u00cdN\u011aN\u00dd Z\u00c1KLADN\u00cd P\u0158\u00cdJEM<\/a><br \/>\nMo\u017en\u00e1 k v\u00e1m tenhle pojem u\u017e pronikl z mainstreamov\u00fdch m\u00e9di\u00ed a dost mo\u017en\u00e1 tak v n\u011bjak\u00e9 pokroucen\u00e9 form\u011b. Co to NZP vlastn\u011b je, si tedy rad\u0161i <a href=\"http:\/\/www.vseobecnyzakladniprijem.cz\/o-zakladnim-prijmu#.Ujcby_JK-40\" target=\"_blank\">p\u0159e\u010dt\u011bte zde<\/a>, proto\u017ee to stoj\u00ed minim\u00e1ln\u011b za zamy\u0161len\u00ed.<\/p>\n<div id=\"fb-root\"><\/div>\n<p><script src=\"http:\/\/connect.facebook.net\/en_US\/all.js#xfbml=1\"><\/script><fb:like href=\"http:\/\/www.vagus.cz\/?p=5843\" send=\"true\" font=\"\"><\/fb:like><\/p>\n","protected":false},"excerpt":{"rendered":"<p>A jin\u00e9 (nejen) kulturn\u00ed zb\u011bsilosti na t\u0159et\u00ed z\u00e1\u0159ijov\u00fd t\u00fdden. Akce t\u00fddne ZA\u017d\u00cdT M\u011aSTO JINAK 21. 9., 10:00 \u2013 cel\u00e1 Praha, obzvl\u00e1\u0161t\u011b pak Vinohrady Tahle akce narostla u\u017e do takov\u00fdch rozm\u011br\u016f, \u017ee nem\u00e1me s\u00edlu pro\u010d\u00edtat ve\u0161ker\u00fd program a vypisovat to nejlep\u0161\u00ed. To si m\u016f\u017eete ud\u011blat sami. Ale s radost\u00ed v\u00e1s zveme k V\u00e1gus st\u00e1nku, kter\u00fd op\u011bt &hellip; <\/p>\n<p class=\"link-more\"><a href=\"https:\/\/www.vagus.cz\/?p=5843\" class=\"more-link\">Continue reading<span class=\"screen-reader-text\"> &#8220;Hitler meets Havel&#8221;<\/span><\/a><\/p>\n","protected":false},"author":6,"featured_media":0,"comment_status":"open","ping_status":"closed","sticky":false,"template":"","format":"standard","meta":{"footnotes":""},"categories":[20],"tags":[14],"class_list":["post-5843","post","type-post","status-publish","format-standard","hentry","category-pakultura","tag-betla"],"_links":{"self":[{"href":"https:\/\/www.vagus.cz\/index.php?rest_route=\/wp\/v2\/posts\/5843","targetHints":{"allow":["GET"]}}],"collection":[{"href":"https:\/\/www.vagus.cz\/index.php?rest_route=\/wp\/v2\/posts"}],"about":[{"href":"https:\/\/www.vagus.cz\/index.php?rest_route=\/wp\/v2\/types\/post"}],"author":[{"embeddable":true,"href":"https:\/\/www.vagus.cz\/index.php?rest_route=\/wp\/v2\/users\/6"}],"replies":[{"embeddable":true,"href":"https:\/\/www.vagus.cz\/index.php?rest_route=%2Fwp%2Fv2%2Fcomments&post=5843"}],"version-history":[{"count":6,"href":"https:\/\/www.vagus.cz\/index.php?rest_route=\/wp\/v2\/posts\/5843\/revisions"}],"predecessor-version":[{"id":5852,"href":"https:\/\/www.vagus.cz\/index.php?rest_route=\/wp\/v2\/posts\/5843\/revisions\/5852"}],"wp:attachment":[{"href":"https:\/\/www.vagus.cz\/index.php?rest_route=%2Fwp%2Fv2%2Fmedia&parent=5843"}],"wp:term":[{"taxonomy":"category","embeddable":true,"href":"https:\/\/www.vagus.cz\/index.php?rest_route=%2Fwp%2Fv2%2Fcategories&post=5843"},{"taxonomy":"post_tag","embeddable":true,"href":"https:\/\/www.vagus.cz\/index.php?rest_route=%2Fwp%2Fv2%2Ftags&post=5843"}],"curies":[{"name":"wp","href":"https:\/\/api.w.org\/{rel}","templated":true}]}}