{"id":6127,"date":"2013-11-06T11:35:51","date_gmt":"2013-11-06T10:35:51","guid":{"rendered":"http:\/\/www.vagus.cz\/?p=6127"},"modified":"2013-11-06T13:08:50","modified_gmt":"2013-11-06T12:08:50","slug":"ustek-po-stopach-karla-hynka-machy","status":"publish","type":"post","link":"https:\/\/www.vagus.cz\/?p=6127","title":{"rendered":"\u00da\u0161t\u011bk: Po stop\u00e1ch Karla Hynka M\u00e1chy"},"content":{"rendered":"<p><em>\u201eTak, Stando, dneska kone\u010dn\u00e1, ale zejtra zas\u2026\u201c<\/em> prav\u00ed chlap\u00edk s polsk\u00fdm kn\u00edrem a notoruje ven z \u00fa\u0161t\u011bck\u00e9 n\u00e1dra\u017eky. A to p\u0159esto, \u017ee \u00da\u0161t\u011bk nen\u00ed \u017e\u00e1dn\u00e1 kone\u010dn\u00e1 a v\u00fd\u010dep\u00e1k se jmenuje Vil\u00e9m. Pravd\u011bpodobn\u011b. Mo\u017en\u00e1 je Vil\u00e9m jen fiktivn\u00ed postava z v\u00fdv\u011bsn\u00edho \u0161t\u00edtu. A kdo v\u00ed, jestli je\u0161t\u011b n\u011bkde nez\u016fstali Hynek s Jarmilou, proto\u017ee i \u00da\u0161t\u011bk pat\u0159il do opera\u010dn\u00edho prostoru zn\u00e1m\u00e9ho hasi\u010de z Litom\u011b\u0159ic.<\/p>\n<p><!--more--><a href=\"http:\/\/www.vagus.cz\/?p=866\" target=\"_blank\">N\u00e1dra\u017e\u00ed v \u00da\u0161t\u011bku<\/a> se nach\u00e1z\u00ed na velice p\u0159\u00edjemn\u00e9m m\u00edst\u011b mezi historick\u00fdm centrem a rybn\u00edkem a je obklopeno ka\u0161tanov\u00fdm par\u010d\u00edkem. Ten ocen\u00edte zejm\u00e9na v letn\u00edch m\u011bs\u00edc\u00edch, nebo\u0165 se pod n\u00edm nach\u00e1z\u00ed venkovn\u00ed sezen\u00ed. Standa\/Vil\u00e9m v\u00e1m sice pen\u00edze nep\u016fj\u010d\u00ed, ale pivo v\u00e1m ochotn\u011b nato\u010d\u00ed. Jedn\u00e1 se o velmi chutn\u00fd <strong>B\u0159ez\u0148\u00e1k 10\u00b0<\/strong> za <strong>22,-<\/strong>. <\/p>\n<p>S nab\u00eddkou j\u00eddel je to u\u017e pon\u011bkud hor\u0161\u00ed, na baru stoj\u00ed sklenice s utopenci a na poli\u010dce vedle cig\u00e1r jsou slan\u00e9 ty\u010de. V tomto p\u0159\u00edpad\u011b jsem se tedy rad\u0161i dr\u017eel moudra, \u017ee <strong>hlad je p\u0159evle\u010den\u00e1 \u017e\u00edze\u0148<\/strong>. Interi\u00e9r hospody je takov\u00fd typicky za\u0161l\u00fd, v l\u00e9t\u011b celkem dob\u0159e v\u011btran\u00fd, v zim\u011b se jist\u011b cigaretov\u00fd kou\u0159 za\u017e\u00edr\u00e1 do za\u017eloutl\u00fdch z\u00e1clon. Pom\u011brn\u011b zaj\u00edmavou kombinac\u00ed, kter\u00e1 si vysloven\u011b \u0159\u00edk\u00e1 o mal\u00fd epileptick\u00fd z\u00e1chvat, je um\u00edst\u011bn\u00ed blikaj\u00edc\u00ed televize nad blikaj\u00edc\u00edmi maty. Hajzl\u00edky jsou dostupn\u00e9 klasicky z n\u00e1stupi\u0161t\u011b, pro celkovou dehydrataci organismu v\u0161ak nebyly vyzkou\u0161eny.<\/p>\n<div id='gallery-1' class='gallery galleryid-6127 gallery-columns-3 gallery-size-thumbnail'><figure class='gallery-item'>\n\t\t\t<div class='gallery-icon landscape'>\n\t\t\t\t<a href='https:\/\/www.vagus.cz\/wp-content\/ustek_01.jpg'><img loading=\"lazy\" decoding=\"async\" width=\"150\" height=\"150\" src=\"https:\/\/www.vagus.cz\/wp-content\/ustek_01-150x150.jpg\" class=\"attachment-thumbnail size-thumbnail\" alt=\"\" sizes=\"auto, 100vw\" \/><\/a>\n\t\t\t<\/div><\/figure><figure class='gallery-item'>\n\t\t\t<div class='gallery-icon landscape'>\n\t\t\t\t<a href='https:\/\/www.vagus.cz\/wp-content\/ustek_02.jpg'><img loading=\"lazy\" decoding=\"async\" width=\"150\" height=\"150\" src=\"https:\/\/www.vagus.cz\/wp-content\/ustek_02-150x150.jpg\" class=\"attachment-thumbnail size-thumbnail\" alt=\"\" sizes=\"auto, 100vw\" \/><\/a>\n\t\t\t<\/div><\/figure><figure class='gallery-item'>\n\t\t\t<div class='gallery-icon portrait'>\n\t\t\t\t<a href='https:\/\/www.vagus.cz\/wp-content\/ustek_03.jpg'><img loading=\"lazy\" decoding=\"async\" width=\"150\" height=\"150\" src=\"https:\/\/www.vagus.cz\/wp-content\/ustek_03-150x150.jpg\" class=\"attachment-thumbnail size-thumbnail\" alt=\"\" sizes=\"auto, 100vw\" \/><\/a>\n\t\t\t<\/div><\/figure><figure class='gallery-item'>\n\t\t\t<div class='gallery-icon portrait'>\n\t\t\t\t<a href='https:\/\/www.vagus.cz\/wp-content\/ustek_04.jpg'><img loading=\"lazy\" decoding=\"async\" width=\"150\" height=\"150\" src=\"https:\/\/www.vagus.cz\/wp-content\/ustek_04-150x150.jpg\" class=\"attachment-thumbnail size-thumbnail\" alt=\"\" sizes=\"auto, 100vw\" \/><\/a>\n\t\t\t<\/div><\/figure><figure class='gallery-item'>\n\t\t\t<div class='gallery-icon portrait'>\n\t\t\t\t<a href='https:\/\/www.vagus.cz\/wp-content\/ustek_05.jpg'><img loading=\"lazy\" decoding=\"async\" width=\"150\" height=\"150\" src=\"https:\/\/www.vagus.cz\/wp-content\/ustek_05-150x150.jpg\" class=\"attachment-thumbnail size-thumbnail\" alt=\"\" sizes=\"auto, 100vw\" \/><\/a>\n\t\t\t<\/div><\/figure><figure class='gallery-item'>\n\t\t\t<div class='gallery-icon portrait'>\n\t\t\t\t<a href='https:\/\/www.vagus.cz\/wp-content\/ustek_06.jpg'><img loading=\"lazy\" decoding=\"async\" width=\"150\" height=\"150\" src=\"https:\/\/www.vagus.cz\/wp-content\/ustek_06-150x150.jpg\" class=\"attachment-thumbnail size-thumbnail\" alt=\"\" sizes=\"auto, 100vw\" \/><\/a>\n\t\t\t<\/div><\/figure>\n\t\t<\/div>\n\n<p>Z\u00e1v\u011brem kr\u00e1tk\u00e9 zamy\u0161len\u00ed o soci\u00e1ln\u00edm rozd\u011blen\u00ed n\u00e1v\u0161t\u011bvn\u00edk\u016f \u00fa\u0161t\u011bck\u00fdch podnik\u016f. Jak u\u017e bylo naps\u00e1no v\u00fd\u0161e, n\u00e1dra\u017eka  slou\u017e\u00ed jako hlavn\u00ed z\u00e1kladna pro m\u00edstn\u00ed alkoholiky. Historick\u00e9 centrum je sp\u00ed\u0161e pro t\u011bch p\u00e1r turist\u016f. Zaj\u00edmav\u00fdm fenom\u00e9nem jsou ov\u0161em <strong>v\u00fd\u010depy v kempu u jezera<\/strong>. Kemp, kter\u00fd vrchol sv\u00e9 sl\u00e1vy pro\u017eil n\u011bkdy v 80. letech, se nyn\u00ed st\u00e1v\u00e1 c\u00edlem p\u00e1rtychtiv\u00fdch v\u00fdletn\u00edk\u016f. Zat\u00edmco star\u0161\u00ed a pokro\u010dil\u00ed si vysta\u010d\u00ed ve st\u00e1nku s revivalem Citr\u00f3nu, pro mlad\u0161\u00ed je zde p\u0159ipravena diskot\u00e9ka Laguna s luxusn\u00ed otev\u00edrac\u00ed dobou \u2013 v\u0161edn\u00ed den do 4, v\u00edkend do 6:30. Cel\u00e1 tato kompozice siln\u011b p\u0159ipom\u00edn\u00e1 M\u00e1ch\u00e1\u010d a tamn\u00ed legend\u00e1rn\u00ed B\u00edl\u00fd K\u00e1men. Kemp je tedy \u2013 krom\u011b Vil\u00e9ma \u2013 dal\u0161\u00edm poj\u00edc\u00edm bodem mezi \u00da\u0161t\u011bkem a K\u00e1H\u00e1eM a pota\u017emo jeho jezerem. V \u00da\u0161t\u011bku je to v\u0161echno sice chud\u0161\u00ed a v\u00edce v\u00e1gus\u00e1ck\u00e9, ale pr\u00e1v\u011b proto to stoj\u00ed za n\u00e1v\u0161t\u011bvu.<\/p>\n<p><strong>Atmosf\u00e9ra<\/strong>: * * * *<br \/>\n<strong>Obsluha<\/strong>: * * * *<br \/>\n<strong>Pivo<\/strong>: * * * *<br \/>\n<strong>J\u00eddlo<\/strong>: rad\u0161i ne<br \/>\n<strong>Hajzl\u00edky<\/strong>: nehodnoceny, ale maj\u00ed potenci\u00e1l<\/p>\n<div id=\"fb-root\"><\/div>\n<p><script src=\"http:\/\/connect.facebook.net\/en_US\/all.js#xfbml=1\"><\/script><fb:like href=\"http:\/\/www.vagus.cz\/?p=6127\" send=\"true\" font=\"\"><\/fb:like><\/p>\n","protected":false},"excerpt":{"rendered":"<p>\u201eTak, Stando, dneska kone\u010dn\u00e1, ale zejtra zas\u2026\u201c prav\u00ed chlap\u00edk s polsk\u00fdm kn\u00edrem a notoruje ven z \u00fa\u0161t\u011bck\u00e9 n\u00e1dra\u017eky. A to p\u0159esto, \u017ee \u00da\u0161t\u011bk nen\u00ed \u017e\u00e1dn\u00e1 kone\u010dn\u00e1 a v\u00fd\u010dep\u00e1k se jmenuje Vil\u00e9m. Pravd\u011bpodobn\u011b. Mo\u017en\u00e1 je Vil\u00e9m jen fiktivn\u00ed postava z v\u00fdv\u011bsn\u00edho \u0161t\u00edtu. A kdo v\u00ed, jestli je\u0161t\u011b n\u011bkde nez\u016fstali Hynek s Jarmilou, proto\u017ee i \u00da\u0161t\u011bk pat\u0159il &hellip; <\/p>\n<p class=\"link-more\"><a href=\"https:\/\/www.vagus.cz\/?p=6127\" class=\"more-link\">Continue reading<span class=\"screen-reader-text\"> &#8220;\u00da\u0161t\u011bk: Po stop\u00e1ch Karla Hynka M\u00e1chy&#8221;<\/span><\/a><\/p>\n","protected":false},"author":13,"featured_media":0,"comment_status":"open","ping_status":"closed","sticky":false,"template":"","format":"standard","meta":{"footnotes":""},"categories":[4],"tags":[85],"class_list":["post-6127","post","type-post","status-publish","format-standard","hentry","category-nadrazky","tag-flaska"],"_links":{"self":[{"href":"https:\/\/www.vagus.cz\/index.php?rest_route=\/wp\/v2\/posts\/6127","targetHints":{"allow":["GET"]}}],"collection":[{"href":"https:\/\/www.vagus.cz\/index.php?rest_route=\/wp\/v2\/posts"}],"about":[{"href":"https:\/\/www.vagus.cz\/index.php?rest_route=\/wp\/v2\/types\/post"}],"author":[{"embeddable":true,"href":"https:\/\/www.vagus.cz\/index.php?rest_route=\/wp\/v2\/users\/13"}],"replies":[{"embeddable":true,"href":"https:\/\/www.vagus.cz\/index.php?rest_route=%2Fwp%2Fv2%2Fcomments&post=6127"}],"version-history":[{"count":6,"href":"https:\/\/www.vagus.cz\/index.php?rest_route=\/wp\/v2\/posts\/6127\/revisions"}],"predecessor-version":[{"id":6192,"href":"https:\/\/www.vagus.cz\/index.php?rest_route=\/wp\/v2\/posts\/6127\/revisions\/6192"}],"wp:attachment":[{"href":"https:\/\/www.vagus.cz\/index.php?rest_route=%2Fwp%2Fv2%2Fmedia&parent=6127"}],"wp:term":[{"taxonomy":"category","embeddable":true,"href":"https:\/\/www.vagus.cz\/index.php?rest_route=%2Fwp%2Fv2%2Fcategories&post=6127"},{"taxonomy":"post_tag","embeddable":true,"href":"https:\/\/www.vagus.cz\/index.php?rest_route=%2Fwp%2Fv2%2Ftags&post=6127"}],"curies":[{"name":"wp","href":"https:\/\/api.w.org\/{rel}","templated":true}]}}