{"id":7422,"date":"2014-09-24T09:11:47","date_gmt":"2014-09-24T08:11:47","guid":{"rendered":"http:\/\/www.vagus.cz\/?p=7422"},"modified":"2021-05-24T08:30:55","modified_gmt":"2021-05-24T07:30:55","slug":"lokobar-vsetaty-tak-mi-tykej-furt","status":"publish","type":"post","link":"https:\/\/www.vagus.cz\/?p=7422","title":{"rendered":"Lokobar, V\u0161etaty: Tak mi tykej furt"},"content":{"rendered":"<p>Dnes, 24. z\u00e1\u0159\u00ed 2014, je to p\u0159esn\u011b 150 let, co projel obc\u00ed V\u0161etaty prvn\u00ed vlak. Jej\u00ed malebn\u00e9 n\u00e1dra\u017e\u00ed je dnes d\u016fle\u017eit\u00fdm \u017eelezni\u010dn\u00edm uzlem, kde se sch\u00e1z\u00ed trat\u011b Praha \u2013 Turnov a \u00dast\u00ed nad Labem \u2013 Lys\u00e1 nad Labem. N\u00e1dra\u017e\u00ed m\u00e1 z ka\u017ed\u00e9 strany dv\u011b n\u00e1stupi\u0161t\u011b a n\u00e1dra\u017en\u00ed restaurace Lokobar je um\u00edst\u011bna tak, \u017ee z jej\u00edch oken vid\u00edte na ob\u011b. Nemus\u00edte se tedy b\u00e1t, \u017ee byste sv\u016fj vlak p\u0159ehl\u00eddli. To, \u017ee si ho r\u00e1di nech\u00e1te ujet, je u\u017e v\u011bc druh\u00e1. <\/p>\n<p><!--more-->Zhruba dva roky u\u017e se Lokobar py\u0161n\u00ed tak\u00e9 venkovn\u00edm posezen\u00edm p\u0159\u00edmo na per\u00f3nu (na kter\u00e9m je sice jako na n\u00e1stupi\u0161ti zak\u00e1z\u00e1no kou\u0159it, m\u00e1te-li v\u0161ak speci\u00e1ln\u00ed plechovkov\u00e9 popeln\u00edky, kou\u0159it m\u016f\u017eete), z kter\u00e9ho se do restaurace vch\u00e1z\u00ed skrze dvoje n\u00e1dhern\u011b vrzaj\u00edc\u00ed dve\u0159e. Prvn\u00edmi se dostanete do zhruba metr kr\u00e1tk\u00e9ho foyer, v n\u011bm\u017e se skladuje d\u0159evo do kamen. Druh\u00e9 dve\u0159e vedou ji\u017e p\u0159\u00edmo na plac. Ten je tvo\u0159en dv\u011bma velk\u00fdmi, od sebe nep\u0159\u00edli\u0161 odd\u011blen\u00fdmi m\u00edstnostmi, se \u017elut\u00fdmi st\u011bnami, d\u0159ev\u011bn\u00fdm oblo\u017een\u00edm a p\u0159\u00edjemn\u00fdm p\u0159\u00edtm\u00edm. Lokobar je pr\u00e1vem pova\u017eov\u00e1n za kultovn\u00ed n\u00e1dra\u017eku. Navzdory tomu v\u00e1m toho o n\u011bm internet moc nepov\u00ed. D\u016fvod bude nejsp\u00ed\u0161e ten, \u017ee z\u00e1\u017eitky z Lokobaru jsou \u010dasto nep\u0159enositeln\u00e9. N\u011bkdy a\u017e neuv\u011b\u0159iteln\u00e9.<\/p>\n<p><a href=\"http:\/\/www.vagus.cz\/wp-content\/vsetaty_01.jpg\"><img loading=\"lazy\" decoding=\"async\" src=\"http:\/\/www.vagus.cz\/wp-content\/vsetaty_01.jpg\" alt=\"\" title=\"vsetaty_01\" width=\"480\" height=\"723\" class=\"alignnone size-full wp-image-7431\" srcset=\"https:\/\/www.vagus.cz\/wp-content\/vsetaty_01.jpg 500w, https:\/\/www.vagus.cz\/wp-content\/vsetaty_01-199x300.jpg 199w\" sizes=\"auto, (max-width: 480px) 100vw, 480px\" \/><\/a><br \/>\n<em>Lokobar: m\u00edsto, kde se i nemo\u017en\u00e9 st\u00e1v\u00e1 skute\u010dnost\u00ed.<\/em><\/p>\n<p>Jeden z m\u00e1la materi\u00e1l\u016f, kter\u00fd pronikl na ve\u0159ejnost, je <a href=\"http:\/\/www.stream.cz\/dostan-agatu\/551714-dostan-agatu-vydelej-si-na-listek-na-vlak\" target=\"_blank\" rel=\"noopener noreferrer\">toto video<\/a>. Je na n\u011bm <strong>Ag\u00e1ta Hanychov\u00e1<\/strong> s kamar\u00e1dkou, s n\u00ed\u017e p\u0159ijela vlakem z Kbel a p\u0159ed per\u00f3nem, kter\u00e9mu kraluje vchod do Lokobaru, pronesla: <em>\u201eJsme n\u011bkde v prdeli.\u201c<\/em> P\u0159itom byly ve V\u0161etatech. Z videa je patrn\u00e9, \u017ee Lokobar p\u0159ekypuje velkorysost\u00ed: m\u00edstn\u00ed \u0161tamgasti se mohli p\u0159etrhnout, aby jim dali pen\u00edze na pot\u0159ebnou zp\u00e1te\u010dn\u00ed j\u00edzdenku a ony mohly vypadnout. J\u00edzdenku si ale stejn\u011b nekoupily. Pr\u016fvod\u010d\u00ed, mistr tautologie, se v\u0161ak oblafnout nenechal. Proto\u017ee <strong>Kbely jsou Kbely, ale V\u0161etaty jsou V\u0161etaty<\/strong>. A nav\u00edc sem bylo sem, ale zp\u00e1tky je zp\u00e1tky. D\u016fle\u017eit\u011bj\u0161\u00ed ne\u017e Ag\u00e1ta jsou v\u0161ak z\u00e1b\u011bry z Lokobaru, na kter\u00fdch je mimo jin\u00e9 zachycen tak\u00e9 m\u00edstn\u00ed bavi\u010d, kter\u00fd v\u00e1m poka\u017ed\u00e9, kdy\u017e jde na z\u00e1chod a vy sed\u00edte u stolu vedle dve\u0159\u00ed na hajzly, pov\u00ed vtip. A je mu jedno, \u017ee u\u017e v\u00e1m ho \u0159\u00edkal minim\u00e1ln\u011b t\u0159ikr\u00e1t. Nane\u0161t\u011bst\u00ed zde nebyla Ag\u00e1ta v sobotu, jinak by byl na videu i <strong>Olaf de Kunde<\/strong>, zn\u00e1m\u00fd tak\u00e9 pod pseudonymem Daniel \u0160torek. Ten si zde ka\u017edou sobotu ve 14:07 objedn\u00e1v\u00e1 B\u0159ez\u0148\u00e1ka, turka a ob\u0161\u0165ast\u0148uje okol\u00ed svou p\u0159\u00edtomnost\u00ed. A v sobotu 11. \u0159\u00edjna zde tak\u00e9 oslav\u00ed 50. narozeniny, na kter\u00fdch zahraje se svou kapelou <strong>Zborcen\u00e9 Harfy T\u00f3n<\/strong>. Mysleli jsme, \u017ee to bude \u010dest sp\u00ed\u0161e pro n\u00e1s, m\u00edt mo\u017enost jeho pades\u00e1tku oslavit pr\u00e1v\u011b v Lokobaru. Ale vedouc\u00ed naopak d\u011bkoval n\u00e1m! Mo\u017en\u00e1 proto, \u017ee nebude chyb\u011bt ani stript\u00fdz \u2013 ten ale na\u0161t\u011bst\u00ed obstar\u00e1 stript\u00e9rka, ne Olaf. Kdy\u017e jsme stript\u00e9rku za\u0159izovali, jej\u00ed mana\u017eer n\u00e1m odepsal, \u017ee V\u0161etaty i Lokobar samoz\u0159ejm\u011b d\u016fv\u011brn\u011b zn\u00e1. Na tuto p\u00e1rty jste v\u0161ichni srde\u010dn\u011b zv\u00e1ni (prosl\u00fdch\u00e1 se, \u017ee sou\u010d\u00e1st\u00ed oslavy bude tak\u00e9 loutkov\u00e9 divadlo, jeho\u017e hra je zasazena do prost\u0159ed\u00ed Lokobaru).<\/p>\n<p><a href=\"http:\/\/www.vagus.cz\/wp-content\/vsetaty_02.jpg\"><img loading=\"lazy\" decoding=\"async\" src=\"http:\/\/www.vagus.cz\/wp-content\/vsetaty_02.jpg\" alt=\"\" title=\"vsetaty_02\" width=\"480\" height=\"359\" class=\"alignnone size-full wp-image-7432\" srcset=\"https:\/\/www.vagus.cz\/wp-content\/vsetaty_02.jpg 669w, https:\/\/www.vagus.cz\/wp-content\/vsetaty_02-300x224.jpg 300w\" sizes=\"auto, (max-width: 480px) 100vw, 480px\" \/><\/a><br \/>\n<em>Olaf a Fanda V\u00edken\u010f\u00e1k, tr\u00e1v\u00edc\u00ed v\u00edkendy v Lokobaru.<\/em><\/p>\n<p>Lokobar otev\u00edr\u00e1 ji\u017e v 9.00, ve v\u0161edn\u00ed dny a v ned\u011bli m\u00e1 cca do 21.00, v p\u00e1tek a v sobotu dokud se pije. A to nav\u00edc za bezkonkuren\u010dn\u00ed ceny. N\u00e1pojov\u00fd l\u00edstek vedle dve\u0159\u00ed Lokobaru hl\u00e1s\u00ed \u201eAKCE\u201c u\u017e asi rok. <strong>B\u0159ez\u0148\u00e1k<\/strong> je tu za neuv\u011b\u0159iteln\u00fdch 17,50 K\u010d, <strong>Gambrinus<\/strong> za 19,50 K\u010d a <strong>Svijany<\/strong> za 21,50 K\u010d. Ned\u00e1vno jsme m\u011bli po sobotn\u00ed kalb\u011b pot\u0159ebu odd\u00e1lit kocovinu, tak jsme nerv\u00f3zn\u011b poposed\u00e1vali na zahr\u00e1dce\/peronu u\u017e od p\u016fl dev\u00e1t\u00e9 r\u00e1no. Olaf m\u011bl ale zdrhac\u00ed n\u00e1ladu, proto\u017ee ten den hr\u00e1la v Praze Viktorka. Bylo kr\u00e1tce po dev\u00e1t\u00e9 hodin\u011b, kdy\u017e n\u00e1hle p\u0159ijel vlak a Olaf se zvednul, \u017ee do n\u011bj nastoup\u00ed. Vtom v\u00fd\u010depn\u00ed M\u00edra vy\u0161el i s pivama ze dve\u0159\u00ed a vida ut\u00edkaj\u00edc\u00edho Olafa zvolal: <em>\u201eKam si jako mysl\u00ed\u0161 \u017ee b\u011b\u017e\u00ed\u0161?! M\u00e1\u0161 tady pivo!\u201c<\/em> To Olafa, na rozd\u00edl od na\u0161eho nal\u00e9h\u00e1n\u00ed, p\u0159im\u011blo z\u016fstat. Sklopil ocas a vr\u00e1til se ke stolu. V\u00fd\u010depn\u00ed holt maj\u00ed v Lokobaru autoritu, kter\u00e1 se mus\u00ed poslouchat. Do dal\u0161\u00edho vlaku u\u017e ale Olaf, samoz\u0159ejm\u011b potaj\u00ed, nasko\u010dil, ani\u017e by zaplatil. Jen nechal na stole t\u0159icet korun a b\u011b\u017eel. \u00datratu m\u011bl v\u0161ak 32,50 K\u010d (B\u0159ez\u0148\u00e1k 17,50 K\u010d + turek 15 K\u010d). Ale v\u00fd\u010depn\u00ed M\u00edra je dobr\u00e1k, zaznamenal mu sekeru 2,50 K\u010d. Mn\u011b kdysi \u0159\u00edkal: <em>\u201eTyvole, ty mi vyk\u00e1\u0161, ale kdy\u017e jsi vyndanej, tak mi tyk\u00e1\u0161. Tak mi tykej furt.\u201c<\/em> Jednou jsem teprve vystupoval z vlaku a u\u017e na m\u011b z per\u00f3nu volal, jestli si d\u00e1m pivo. A to jsem ve V\u0161etatech jen p\u0159estupoval. To\u0165 d\u016fkaz, \u017ee je o v\u00e1s v Lokobaru v\u017edy dob\u0159e postar\u00e1no.<\/p>\n<p><a href=\"http:\/\/www.vagus.cz\/wp-content\/vsetaty_03.jpg\"><img loading=\"lazy\" decoding=\"async\" src=\"http:\/\/www.vagus.cz\/wp-content\/vsetaty_03.jpg\" alt=\"\" title=\"vsetaty_03\" width=\"480\" height=\"319\" class=\"alignnone size-full wp-image-7433\" srcset=\"https:\/\/www.vagus.cz\/wp-content\/vsetaty_03.jpg 753w, https:\/\/www.vagus.cz\/wp-content\/vsetaty_03-300x199.jpg 300w\" sizes=\"auto, (max-width: 480px) 100vw, 480px\" \/><\/a><br \/>\n<em>V\u016fle jet do Lokobaru je siln\u011bj\u0161\u00ed ne\u017e chyb\u011bj\u00edc\u00ed kolo (n\u00e1zev obce V\u0161etaty je slepenec dvou staro\u010desk\u00fdch slov \u201evsje\u201c a \u201etaty,\u201c co\u017e znamen\u00e1 \u201ev\u0161ichni zlod\u011bji\u201c \u2013 ale to jen tak mimochodem).<\/em><\/p>\n<p>Lokobar nab\u00edz\u00ed krom n\u00e1poj\u016f tak\u00e9 n\u011bco na zub a na sv\u00e9 si p\u0159ijdou i d\u011bti. P\u0159i p\u0159estupu z jednoho n\u00e1stupi\u0161t\u011b na druh\u00e9 lid\u00e9 v\u011bt\u0161inou proch\u00e1z\u00ed n\u00e1dra\u017en\u00ed \u010dek\u00e1rnou. Mnoz\u00ed v\u0161ak zam\u00ed\u0159\u00ed nejd\u0159\u00edve do dve\u0159\u00ed vedle \u010dek\u00e1rny, tedy do Lokobaru, ze kter\u00e9ho b\u00fdvaj\u00ed \u010dasto vid\u011bt vych\u00e1zej\u00edc\u00ed tat\u00ednkov\u00e9 s lahv\u00e1\u010dema a d\u011bti s M\u00ed\u0161ou nebo Ruskou zmrzlinou. Lokobar m\u00e1 samoz\u0159ejm\u011b i svou kuchyni. Lid\u00e9 sem na ob\u011bdy chod\u00ed a dokonce se i vracej\u00ed, tak\u017ee va\u0159\u00ed z\u0159ejm\u011b slu\u0161n\u011b. No a s j\u00eddlem souvis\u00ed tak\u00e9 z\u00e1chody, jejich\u017e hodnocen\u00ed b\u00fdv\u00e1 d\u016fle\u017eitou sou\u010d\u00e1st\u00ed recenz\u00ed n\u00e1dra\u017eek. Pov\u00edm k nim jen toto: kdy\u017e v cel\u00fdch V\u0161etatech vypadl proud, byla na z\u00e1chodech Lokobaru tma tmouc\u00ed. J\u00e1 jsem si na nich sv\u00edtil mobilem. Po mn\u011b \u0161el Olaf, kter\u00fd m\u00e1 ale ve zvyku nech\u00e1vat si mobil doma, tak\u017ee nic, co by sv\u00edtilo, u sebe nem\u011bl. Kdy\u017e se vr\u00e1til, zeptal jsem se ho, jak tam trefil a on pr\u00fd, \u017ee \u0161el po hmatu. \u010cili zrak nepot\u0159ebujete a nemus\u00edte se b\u00e1t ani v\u00fdpadku proudu, na piso\u00e1ry v Lokobaru v\u00e1m sta\u010d\u00ed hmat.<\/p>\n<div id='gallery-1' class='gallery galleryid-7422 gallery-columns-3 gallery-size-thumbnail'><figure class='gallery-item'>\n\t\t\t<div class='gallery-icon portrait'>\n\t\t\t\t<a href='https:\/\/www.vagus.cz\/wp-content\/vsetaty_01.jpg'><img loading=\"lazy\" decoding=\"async\" width=\"150\" height=\"150\" src=\"https:\/\/www.vagus.cz\/wp-content\/vsetaty_01-150x150.jpg\" class=\"attachment-thumbnail size-thumbnail\" alt=\"\" sizes=\"auto, 100vw\" \/><\/a>\n\t\t\t<\/div><\/figure><figure class='gallery-item'>\n\t\t\t<div class='gallery-icon landscape'>\n\t\t\t\t<a href='https:\/\/www.vagus.cz\/wp-content\/vsetaty_02.jpg'><img loading=\"lazy\" decoding=\"async\" width=\"150\" height=\"150\" src=\"https:\/\/www.vagus.cz\/wp-content\/vsetaty_02-150x150.jpg\" class=\"attachment-thumbnail size-thumbnail\" alt=\"\" sizes=\"auto, 100vw\" \/><\/a>\n\t\t\t<\/div><\/figure><figure class='gallery-item'>\n\t\t\t<div class='gallery-icon landscape'>\n\t\t\t\t<a href='https:\/\/www.vagus.cz\/wp-content\/vsetaty_03.jpg'><img loading=\"lazy\" decoding=\"async\" width=\"150\" height=\"150\" src=\"https:\/\/www.vagus.cz\/wp-content\/vsetaty_03-150x150.jpg\" class=\"attachment-thumbnail size-thumbnail\" alt=\"\" sizes=\"auto, 100vw\" \/><\/a>\n\t\t\t<\/div><\/figure><figure class='gallery-item'>\n\t\t\t<div class='gallery-icon portrait'>\n\t\t\t\t<a href='https:\/\/www.vagus.cz\/wp-content\/vsetaty_04.jpg'><img loading=\"lazy\" decoding=\"async\" width=\"150\" height=\"150\" src=\"https:\/\/www.vagus.cz\/wp-content\/vsetaty_04-150x150.jpg\" class=\"attachment-thumbnail size-thumbnail\" alt=\"\" sizes=\"auto, 100vw\" \/><\/a>\n\t\t\t<\/div><\/figure><figure class='gallery-item'>\n\t\t\t<div class='gallery-icon portrait'>\n\t\t\t\t<a href='https:\/\/www.vagus.cz\/wp-content\/vsetaty_05.jpg'><img loading=\"lazy\" decoding=\"async\" width=\"150\" height=\"150\" src=\"https:\/\/www.vagus.cz\/wp-content\/vsetaty_05-150x150.jpg\" class=\"attachment-thumbnail size-thumbnail\" alt=\"\" sizes=\"auto, 100vw\" \/><\/a>\n\t\t\t<\/div><\/figure><figure class='gallery-item'>\n\t\t\t<div class='gallery-icon portrait'>\n\t\t\t\t<a href='https:\/\/www.vagus.cz\/wp-content\/vsetaty_06.jpg'><img loading=\"lazy\" decoding=\"async\" width=\"150\" height=\"150\" src=\"https:\/\/www.vagus.cz\/wp-content\/vsetaty_06-150x150.jpg\" class=\"attachment-thumbnail size-thumbnail\" alt=\"\" sizes=\"auto, 100vw\" \/><\/a>\n\t\t\t<\/div><\/figure><figure class='gallery-item'>\n\t\t\t<div class='gallery-icon portrait'>\n\t\t\t\t<a href='https:\/\/www.vagus.cz\/wp-content\/vsetaty_07.jpg'><img loading=\"lazy\" decoding=\"async\" width=\"150\" height=\"150\" src=\"https:\/\/www.vagus.cz\/wp-content\/vsetaty_07-150x150.jpg\" class=\"attachment-thumbnail size-thumbnail\" alt=\"\" sizes=\"auto, 100vw\" \/><\/a>\n\t\t\t<\/div><\/figure><figure class='gallery-item'>\n\t\t\t<div class='gallery-icon landscape'>\n\t\t\t\t<a href='https:\/\/www.vagus.cz\/wp-content\/vsetaty_08.jpg'><img loading=\"lazy\" decoding=\"async\" width=\"150\" height=\"150\" src=\"https:\/\/www.vagus.cz\/wp-content\/vsetaty_08-150x150.jpg\" class=\"attachment-thumbnail size-thumbnail\" alt=\"\" sizes=\"auto, 100vw\" \/><\/a>\n\t\t\t<\/div><\/figure><figure class='gallery-item'>\n\t\t\t<div class='gallery-icon portrait'>\n\t\t\t\t<a href='https:\/\/www.vagus.cz\/wp-content\/vsetaty_09.jpg'><img loading=\"lazy\" decoding=\"async\" width=\"150\" height=\"150\" src=\"https:\/\/www.vagus.cz\/wp-content\/vsetaty_09-150x150.jpg\" class=\"attachment-thumbnail size-thumbnail\" alt=\"\" sizes=\"auto, 100vw\" \/><\/a>\n\t\t\t<\/div><\/figure><figure class='gallery-item'>\n\t\t\t<div class='gallery-icon portrait'>\n\t\t\t\t<a href='https:\/\/www.vagus.cz\/wp-content\/vsetaty_10.jpg'><img loading=\"lazy\" decoding=\"async\" width=\"150\" height=\"150\" src=\"https:\/\/www.vagus.cz\/wp-content\/vsetaty_10-150x150.jpg\" class=\"attachment-thumbnail size-thumbnail\" alt=\"\" sizes=\"auto, 100vw\" \/><\/a>\n\t\t\t<\/div><\/figure><figure class='gallery-item'>\n\t\t\t<div class='gallery-icon portrait'>\n\t\t\t\t<a href='https:\/\/www.vagus.cz\/wp-content\/vsetaty_11.jpg'><img loading=\"lazy\" decoding=\"async\" width=\"150\" height=\"150\" src=\"https:\/\/www.vagus.cz\/wp-content\/vsetaty_11-150x150.jpg\" class=\"attachment-thumbnail size-thumbnail\" alt=\"\" sizes=\"auto, 100vw\" \/><\/a>\n\t\t\t<\/div><\/figure><figure class='gallery-item'>\n\t\t\t<div class='gallery-icon landscape'>\n\t\t\t\t<a href='https:\/\/www.vagus.cz\/wp-content\/vsetaty_12.jpg'><img loading=\"lazy\" decoding=\"async\" width=\"150\" height=\"150\" src=\"https:\/\/www.vagus.cz\/wp-content\/vsetaty_12-150x150.jpg\" class=\"attachment-thumbnail size-thumbnail\" alt=\"\" sizes=\"auto, 100vw\" \/><\/a>\n\t\t\t<\/div><\/figure>\n\t\t<\/div>\n\n<p>Pokud jste je\u0161t\u011b Lokobar nenav\u0161t\u00edvili, koukejte to rychle napravit. Dobrou z\u00e1minkou m\u016f\u017ee b\u00fdt nap\u0159\u00edklad v\u00fdlet na stezku Jana Palacha, kter\u00fd ve V\u0161etatech bydlel. Ta vede od n\u00e1dra\u017e\u00ed kolem jeho rodn\u00e9ho domu, ke \u0161kole, na vyhl\u00eddku a kon\u010d\u00ed na h\u0159bitov\u011b. A nebo p\u0159ije\u010fte v sobotu 11. \u0159\u00edjna, na ji\u017e zmi\u0148ovanou oslavu Olafov\u00fdch pades\u00e1tin. Cel\u00e9 panoptikum bude na m\u00edst\u011b. A pa\u0159it m\u016f\u017eeme a\u017e do r\u00e1na.<\/p>\n<p><em>doktor Michko<\/em><\/p>\n<p><a href=\"https:\/\/chlupatyzuby.wordpress.com\/kde-knihu-koupite\/\"><img loading=\"lazy\" decoding=\"async\" src=\"http:\/\/www.vagus.cz\/wp-content\/chlupatyzuby_banner_490.gif\" alt=\"\" title=\"pambuprdel\" width=\"490\" height=\"220\" class=\"alignnone size-full\" \/><\/a><\/p>\n<div id=\"fb-root\"><\/div>\n<p><script src=\"http:\/\/connect.facebook.net\/en_US\/all.js#xfbml=1\"><\/script><fb:like href=\"http:\/\/www.vagus.cz\/?p=7422\" send=\"true\" font=\"\"><\/fb:like><\/p>\n","protected":false},"excerpt":{"rendered":"<p>Dnes, 24. z\u00e1\u0159\u00ed 2014, je to p\u0159esn\u011b 150 let, co projel obc\u00ed V\u0161etaty prvn\u00ed vlak. Jej\u00ed malebn\u00e9 n\u00e1dra\u017e\u00ed je dnes d\u016fle\u017eit\u00fdm \u017eelezni\u010dn\u00edm uzlem, kde se sch\u00e1z\u00ed trat\u011b Praha \u2013 Turnov a \u00dast\u00ed nad Labem \u2013 Lys\u00e1 nad Labem. N\u00e1dra\u017e\u00ed m\u00e1 z ka\u017ed\u00e9 strany dv\u011b n\u00e1stupi\u0161t\u011b a n\u00e1dra\u017en\u00ed restaurace Lokobar je um\u00edst\u011bna tak, \u017ee z jej\u00edch &hellip; <\/p>\n<p class=\"link-more\"><a href=\"https:\/\/www.vagus.cz\/?p=7422\" class=\"more-link\">Continue reading<span class=\"screen-reader-text\"> &#8220;Lokobar, V\u0161etaty: Tak mi tykej furt&#8221;<\/span><\/a><\/p>\n","protected":false},"author":1,"featured_media":0,"comment_status":"open","ping_status":"closed","sticky":false,"template":"","format":"standard","meta":{"footnotes":""},"categories":[4],"tags":[108],"class_list":["post-7422","post","type-post","status-publish","format-standard","hentry","category-nadrazky","tag-michko"],"_links":{"self":[{"href":"https:\/\/www.vagus.cz\/index.php?rest_route=\/wp\/v2\/posts\/7422","targetHints":{"allow":["GET"]}}],"collection":[{"href":"https:\/\/www.vagus.cz\/index.php?rest_route=\/wp\/v2\/posts"}],"about":[{"href":"https:\/\/www.vagus.cz\/index.php?rest_route=\/wp\/v2\/types\/post"}],"author":[{"embeddable":true,"href":"https:\/\/www.vagus.cz\/index.php?rest_route=\/wp\/v2\/users\/1"}],"replies":[{"embeddable":true,"href":"https:\/\/www.vagus.cz\/index.php?rest_route=%2Fwp%2Fv2%2Fcomments&post=7422"}],"version-history":[{"count":23,"href":"https:\/\/www.vagus.cz\/index.php?rest_route=\/wp\/v2\/posts\/7422\/revisions"}],"predecessor-version":[{"id":11344,"href":"https:\/\/www.vagus.cz\/index.php?rest_route=\/wp\/v2\/posts\/7422\/revisions\/11344"}],"wp:attachment":[{"href":"https:\/\/www.vagus.cz\/index.php?rest_route=%2Fwp%2Fv2%2Fmedia&parent=7422"}],"wp:term":[{"taxonomy":"category","embeddable":true,"href":"https:\/\/www.vagus.cz\/index.php?rest_route=%2Fwp%2Fv2%2Fcategories&post=7422"},{"taxonomy":"post_tag","embeddable":true,"href":"https:\/\/www.vagus.cz\/index.php?rest_route=%2Fwp%2Fv2%2Ftags&post=7422"}],"curies":[{"name":"wp","href":"https:\/\/api.w.org\/{rel}","templated":true}]}}