{"id":7522,"date":"2014-10-07T17:22:53","date_gmt":"2014-10-07T16:22:53","guid":{"rendered":"http:\/\/www.vagus.cz\/?p=7522"},"modified":"2014-10-07T17:28:24","modified_gmt":"2014-10-07T16:28:24","slug":"kurva-to-lepsi-to-levnejsi","status":"publish","type":"post","link":"https:\/\/www.vagus.cz\/?p=7522","title":{"rendered":"Kurva to lep\u0161\u00ed to levn\u011bj\u0161\u00ed!"},"content":{"rendered":"<p>Ano, podzimn\u00ed dekadence pr\u00e1v\u011b za\u010d\u00edn\u00e1 a z\u00e1rove\u0148 kulminuje. Neradi bychom p\u0159edb\u00edhali, ale tento t\u00fdden z\u0159ejm\u011b sl\u00edzneme \u0161leha\u010dku t\u011bch nejluxusn\u011bj\u0161\u00edch pakulturn\u00edch akc\u00ed za cel\u00fd kvart\u00e1l.<\/p>\n<p><!--more--><strong>Akce t\u00fddne<\/strong><br \/>\n<a href=\"https:\/\/www.facebook.com\/events\/1547894312090863\/\" target=\"_blank\">OLAFOVA PADES\u00c1TKA<\/a><br \/>\n<em>11. \u0159\u00edjna, od ve\u010dern\u00edch hodin, n\u00e1dra\u017eka V\u0161etaty<\/em><br \/>\nV sobotu 11. \u0159\u00edjna oslav\u00ed sv\u00e9 pades\u00e1tiny Olaf de Kunde, zn\u00e1m\u00fd tak\u00e9 pod pseudonymem Daniel \u0160torek. Stane se tak ve V\u0161etatech v Lokobaru, na kter\u00fd si m\u016f\u017eete p\u0159e\u010d\u00edst <a href=\"http:\/\/www.vagus.cz\/?p=7422\" target=\"_blank\">ned\u00e1vnou recenzi<\/a>, kter\u00e1 je z\u00e1rove\u0148 pozv\u00e1nkou na tento ve\u010d\u00edrek. Olaf zde zahraje se svou legend\u00e1rn\u00ed kapelou <a href=\"http:\/\/sakraphon.cz\/zborceneharfyton\/\" target=\"_blank\">Zborcen\u00e9 harfy t\u00f3n<\/a> a poslechne si nem\u00e9n\u011b legend\u00e1rn\u00ed hudebn\u00ed t\u011bleso <a href=\"http:\/\/www.last.fm\/music\/%C5%A0umachr+na+st%C5%99e%C5%A1e\" target=\"_blank\">\u0160umachr na st\u0159e\u0161e<\/a>. Pokud v\u00e1s k n\u00e1v\u0161t\u011bv\u011b Olafova jubilea nep\u0159esv\u011bd\u010d\u00ed ani skute\u010dnost, \u017ee se chlapci z \u0160nS sch\u00e1zej\u00ed t\u00e9m\u011b\u0159 po dvou letech speci\u00e1ln\u011b na tuto akci, pak v\u011bzte, \u017ee sou\u010d\u00e1st\u00ed programu bude i d\u00e1msk\u00fd stript\u00fdz. T\u011b\u0161\u00edme se a douf\u00e1me, \u017ee se v sobotu uvid\u00edme.<\/p>\n<p><a href=\"http:\/\/www.vagus.cz\/wp-content\/daniel50.jpg\"><img loading=\"lazy\" decoding=\"async\" src=\"http:\/\/www.vagus.cz\/wp-content\/daniel50.jpg\" alt=\"\" title=\"daniel50\" width=\"490\" height=\"692\" class=\"alignnone size-full wp-image-7523\" \/><\/a><\/p>\n<p><strong>Koncert t\u00fddne<\/strong><br \/>\n<a href=\"https:\/\/www.facebook.com\/events\/1476709555948145\/\" target=\"_blank\">BOUCHAC\u00cd \u0160ROUBY V LIBER\u00c1LU!<\/a><br \/>\n<em>9. \u0159\u00edjna, 20:00, Kav\u00e1rna Liber\u00e1l<\/em><br \/>\n<em>\u201eProboha, oni tam maj\u00ed i zp\u011bva\u010dku?\u201c<\/em> d\u011bs\u00ed se na\u0161i upjat\u011bj\u0161\u00ed p\u0159\u00e1tel\u00e9, zat\u00edmco z reproduktor\u016f p\u011bje l\u00edbezn\u00fd d\u00edv\u010d\u00ed hlas o tom, \u017ee chc\u00e1t se chod\u00ed norm\u00e1ln\u011b. Bouchac\u00ed \u0161rouby jsou kapela, kter\u00e1 v\u00e1s p\u0159i prvn\u00edm kontaktu okam\u017eit\u011b po\u0161le do kolen \u2013 a je pouze na v\u00e1s, zda se pokus\u00edte vst\u00e1t a sv\u00e9st dal\u0161\u00ed kolo p\u0159edem prohran\u00e9ho boje, nebo se p\u0159id\u00e1te k recitaci extatick\u00fdch manter slo\u017een\u00fdch tak\u0159ka v\u00fdhradn\u011b ze sprost\u00fdch slov. My doporu\u010dujeme mo\u017enost druhou. \u017d\u00e1dn\u00e1 lacin\u00e1 vulgarita, zastydl\u00e1 puberta, ba ani podb\u00edzivost senzacechtiv\u00fdm poslucha\u010d\u016fm; tvorba t\u00e9to polabsk\u00e9 \u00faderky je skute\u010dn\u00fdm spiritu\u00e1ln\u00edm z\u00e1\u017eitkem a hled\u00e1n\u00edm kr\u00e1sn\u00e9ho a vzne\u0161en\u00e9ho ve sra\u010dk\u00e1ch v\u0161edn\u00edho dne. P\u0159esv\u011bd\u010dte se sami na\u017eivo ve \u010dtvrtek v Liber\u00e1lu b\u011bhem vernis\u00e1\u017ee v\u00fdstavy maleb Michala Kristiana. <\/p>\n<p><iframe loading=\"lazy\" width=\"500\" height=\"375\" src=\"\/\/www.youtube.com\/embed\/Qy3wMykC7qg\" frameborder=\"0\" allowfullscreen><\/iframe><\/p>\n<p><a href=\"http:\/\/www.silver-rocket.org\/koncerty\/2904\" target=\"_blank\">TOTAL HEELS, CANADIAN RIFLE, PALAHNIUK<\/a><br \/>\n<em>12. \u0159\u00edjna 2014, 19.00, klub 007 Strahov<\/em><br \/>\nJason Orlovich, to je chlap\u00edk, kter\u00fd tancuje l\u00edp ne\u017e Masox Vega a nav\u00edc hr\u00e1l na kytaru v The Yellow Press a Polite Sleeper. Co\u017e jsou dv\u011b kapely, kter\u00e9 bezv\u00fdhradn\u011b zbo\u017e\u0148ujeme. A ve sv\u00e9 t\u0159et\u00ed kapele hraje s hochy z D\u00e1nska, co\u017e je pro zm\u011bnu <a href=\"http:\/\/www.vagus.cz\/?p=550\" target=\"_blank\">zem\u011b<\/a>, kterou bezv\u00fdhradn\u011b zbo\u017e\u0148ujeme. Loni v \u0159\u00edjnu pr\u00fd na Total Heels na 007 p\u0159i\u0161lo 19 plat\u00edc\u00edch. Kapela ale n\u011bjak\u00fdm z\u00e1zrakem prodala asi 25 kus\u016f sv\u00fdch dvou singl\u016f. Chcete lep\u0161\u00ed empirick\u00fd d\u016fkaz, \u017ee tahle eskadra je prost\u011b skv\u011bl\u00e1? A k tomu Canadian Rifle a dom\u00e1c\u00ed Palahniuk. To jsou t\u0159i kapely, tak\u017ee p\u0159ij\u010fte v\u010das!<\/p>\n<p><iframe loading=\"lazy\" width=\"500\" height=\"281\" src=\"\/\/www.youtube.com\/embed\/H8qddzw6wsc\" frameborder=\"0\" allowfullscreen><\/iframe><\/p>\n<p><script src=\"http:\/\/connect.facebook.net\/en_US\/all.js#xfbml=1\"><\/script><fb:like href=\"http:\/\/www.vagus.cz\/?p=7522\" show_faces=\"true\" width=\"450\"><\/fb:like><\/p>\n","protected":false},"excerpt":{"rendered":"<p>Ano, podzimn\u00ed dekadence pr\u00e1v\u011b za\u010d\u00edn\u00e1 a z\u00e1rove\u0148 kulminuje. Neradi bychom p\u0159edb\u00edhali, ale tento t\u00fdden z\u0159ejm\u011b sl\u00edzneme \u0161leha\u010dku t\u011bch nejluxusn\u011bj\u0161\u00edch pakulturn\u00edch akc\u00ed za cel\u00fd kvart\u00e1l.<\/p>\n","protected":false},"author":3,"featured_media":0,"comment_status":"open","ping_status":"closed","sticky":false,"template":"","format":"standard","meta":{"footnotes":""},"categories":[20],"tags":[12],"class_list":["post-7522","post","type-post","status-publish","format-standard","hentry","category-pakultura","tag-npyrin"],"_links":{"self":[{"href":"https:\/\/www.vagus.cz\/index.php?rest_route=\/wp\/v2\/posts\/7522","targetHints":{"allow":["GET"]}}],"collection":[{"href":"https:\/\/www.vagus.cz\/index.php?rest_route=\/wp\/v2\/posts"}],"about":[{"href":"https:\/\/www.vagus.cz\/index.php?rest_route=\/wp\/v2\/types\/post"}],"author":[{"embeddable":true,"href":"https:\/\/www.vagus.cz\/index.php?rest_route=\/wp\/v2\/users\/3"}],"replies":[{"embeddable":true,"href":"https:\/\/www.vagus.cz\/index.php?rest_route=%2Fwp%2Fv2%2Fcomments&post=7522"}],"version-history":[{"count":5,"href":"https:\/\/www.vagus.cz\/index.php?rest_route=\/wp\/v2\/posts\/7522\/revisions"}],"predecessor-version":[{"id":7528,"href":"https:\/\/www.vagus.cz\/index.php?rest_route=\/wp\/v2\/posts\/7522\/revisions\/7528"}],"wp:attachment":[{"href":"https:\/\/www.vagus.cz\/index.php?rest_route=%2Fwp%2Fv2%2Fmedia&parent=7522"}],"wp:term":[{"taxonomy":"category","embeddable":true,"href":"https:\/\/www.vagus.cz\/index.php?rest_route=%2Fwp%2Fv2%2Fcategories&post=7522"},{"taxonomy":"post_tag","embeddable":true,"href":"https:\/\/www.vagus.cz\/index.php?rest_route=%2Fwp%2Fv2%2Ftags&post=7522"}],"curies":[{"name":"wp","href":"https:\/\/api.w.org\/{rel}","templated":true}]}}