{"id":7534,"date":"2014-10-14T01:37:59","date_gmt":"2014-10-14T00:37:59","guid":{"rendered":"http:\/\/www.vagus.cz\/?p=7534"},"modified":"2014-10-14T01:48:22","modified_gmt":"2014-10-14T00:48:22","slug":"hadej-proc","status":"publish","type":"post","link":"https:\/\/www.vagus.cz\/?p=7534","title":{"rendered":"H\u00e1dej pro\u010d"},"content":{"rendered":"<p>\u017d\u00e1dn\u00fd chytr\u00fd kecy, ani litanie. Jen stru\u010dnej v\u00fd\u010det d\u016fvod\u016f, pro\u010d v\u00e1s chceme upozornit na p\u00e1r akc\u00ed.<\/p>\n<p><!--more--><strong>Koncert t\u00fddne<\/strong><br \/>\n<a href=\"https:\/\/www.facebook.com\/events\/671740872923239\/\" target=\"_blank\">POINO + STAER + ZKOU\u0160KA SIR\u00c9N<\/a><br \/>\n<em>14. 10., Caf\u00e9 V lese, 20:00, 180,-<\/em><br \/>\nPro\u010d?<\/p>\n<ol>\n<li>proto\u017ee kdy\u017e p\u0159ijdete na koncert, ud\u011bl\u00e1te radost kapel\u00e1m i promot\u00e9r\u016fm<\/li>\n<li>proto\u017ee pak maj\u00ed takov\u00fd hezk\u00fd pocit, \u017ee to v\u0161echno ned\u011blaj\u00ed zbyte\u010dn\u011b<\/li>\n<li>proto\u017ee i pr\u016fm\u011brn\u00fd koncert b\u00fdv\u00e1 obvykle lep\u0161\u00ed ne\u017e poflakov\u00e1n\u00ed v hospod\u011b nebo doma<\/li>\n<li>proto\u017ee v\u0161echny tyhle t\u0159i kapely hrajou p\u011bkn\u011b nahlas to svoje, \u017e\u00e1dn\u00e1 m\u00f3da, \u017e\u00e1dn\u00e1 p\u00f3za<\/li>\n<li>proto\u017ee Zkou\u0161ka sir\u00e9n u\u017e moc nehraje a nav\u00edc na koncert\u011b pl\u00e1nuj\u00ed oslavit deset let existence<\/li>\n<li>proto\u017ee si tady zcela otev\u0159en\u011b promuju svoje v\u011bci, p\u00e1\u010d na tom koncert\u011b se taky pod\u00edlim<\/li>\n<li>proto\u017ee k \u010demu jin\u00fdmu je blog ne\u017e k propagov\u00e1n\u00ed vlastn\u00edch k\u0161eft\u016f, k\u0161eft\u016f p\u0159\u00e1tel a zn\u00e1m\u00fdch a v\u016fbec v\u0161elijak\u00fdch kamar\u00e1d\u0161oft\u016f<\/li>\n<\/ol>\n<p><a href=\"http:\/\/www.vagus.cz\/wp-content\/poino_staer_sireny.jpg\"><img loading=\"lazy\" decoding=\"async\" class=\"alignnone size-full wp-image-7535\" title=\"poino_staer_sireny\" src=\"http:\/\/www.vagus.cz\/wp-content\/poino_staer_sireny.jpg\" alt=\"\" width=\"490\" height=\"706\" srcset=\"https:\/\/www.vagus.cz\/wp-content\/poino_staer_sireny.jpg 552w, https:\/\/www.vagus.cz\/wp-content\/poino_staer_sireny-208x300.jpg 208w\" sizes=\"auto, (max-width: 490px) 100vw, 490px\" \/><\/a><\/p>\n<p><a href=\"http:\/\/klub007strahov.cz\/\" target=\"_blank\">OFF + CEREBRAL BALLZY<\/a><br \/>\n18. 10., Klub 007, 19:00, 300\/350,-<br \/>\nPro\u010d?<\/p>\n<ol>\n<li>proto\u017ee pou\u017eijete body A a\u017e C z p\u0159edchoz\u00ed upout\u00e1vky a bude v\u00e1m to jasn\u00e9<\/li>\n<li>proto\u017ee sly\u0161et star\u00fd chlapy, kter\u00fd po\u0159\u00e1d hrajou old school hard core a punk a kter\u00fd nese\u0161li ani po letech z cesty, je to nej\u00fap\u0159\u00edmn\u011bj\u0161\u00ed, co m\u016f\u017eete v muzice sly\u0161et<\/li>\n<li>a proto\u017ee v\u00e1s rozsekaj v\u00edc ne\u017e cel\u00fd generace, co p\u0159i\u0161ly po nich<\/li>\n<li>proto\u017ee malokter\u00fd akce maj takovou strhuj\u00edc\u00ed atmosf\u00e9ru jako koncerty Two Shovels Events<\/li>\n<\/ol>\n<p><strong>Akce t\u00fddne<\/strong><br \/>\n<a href=\"http:\/\/filmsokolov.cz\/program\/\" target=\"_blank\">FILM SOKOLOV<\/a><br \/>\n<em>17.\u201319. 10., kino Alfa Sokolov, zdarma<\/em><br \/>\nPro\u010d?<\/p>\n<ol>\n<li>proto\u017ee plat\u00ed bod G z prvn\u00ed upout\u00e1vky<\/li>\n<li>proto\u017ee tenhle festival d\u011blaj\u00ed kamar\u00e1di a d\u011blaj\u00ed ho fakt dob\u0159e<\/li>\n<li>proto\u017ee akce, kter\u00e1 se nekon\u00e1 v Praze (kde by se na\u0161lo ur\u010dit\u011b v\u00edc div\u00e1k\u016f) a o\u017eivuje region, je z\u00e1slu\u017en\u00e1<\/li>\n<li>proto\u017ee jste v Sokolov\u011b ur\u010dit\u011b nikdy po\u0159\u00e1dn\u011b nebyli<\/li>\n<li>a proto\u017ee v\u00e1s \u010dek\u00e1 zaj\u00edmav\u00fd program a p\u0159em\u00fd\u0161len\u00ed o filmu z r\u016fzn\u00fdch velmi zaj\u00edmav\u00fdch a zaujat\u00fdch pohled\u016f<\/li>\n<\/ol>\n<p>Dal\u0161\u00ed ot\u00e1zky?<\/p>\n<div id=\"fb-root\"><\/div>\n<p><script src=\"http:\/\/connect.facebook.net\/en_US\/all.js#xfbml=1\"><\/script><fb:like href=\"http:\/\/www.vagus.cz\/?p=7534\" send=\"true\" font=\"\"><\/fb:like><\/p>\n","protected":false},"excerpt":{"rendered":"<p>\u017d\u00e1dn\u00fd chytr\u00fd kecy, ani litanie. Jen stru\u010dnej v\u00fd\u010det d\u016fvod\u016f, pro\u010d v\u00e1s chceme upozornit na p\u00e1r akc\u00ed.<\/p>\n","protected":false},"author":6,"featured_media":0,"comment_status":"open","ping_status":"closed","sticky":false,"template":"","format":"standard","meta":{"footnotes":""},"categories":[20],"tags":[14],"class_list":["post-7534","post","type-post","status-publish","format-standard","hentry","category-pakultura","tag-betla"],"_links":{"self":[{"href":"https:\/\/www.vagus.cz\/index.php?rest_route=\/wp\/v2\/posts\/7534","targetHints":{"allow":["GET"]}}],"collection":[{"href":"https:\/\/www.vagus.cz\/index.php?rest_route=\/wp\/v2\/posts"}],"about":[{"href":"https:\/\/www.vagus.cz\/index.php?rest_route=\/wp\/v2\/types\/post"}],"author":[{"embeddable":true,"href":"https:\/\/www.vagus.cz\/index.php?rest_route=\/wp\/v2\/users\/6"}],"replies":[{"embeddable":true,"href":"https:\/\/www.vagus.cz\/index.php?rest_route=%2Fwp%2Fv2%2Fcomments&post=7534"}],"version-history":[{"count":10,"href":"https:\/\/www.vagus.cz\/index.php?rest_route=\/wp\/v2\/posts\/7534\/revisions"}],"predecessor-version":[{"id":7544,"href":"https:\/\/www.vagus.cz\/index.php?rest_route=\/wp\/v2\/posts\/7534\/revisions\/7544"}],"wp:attachment":[{"href":"https:\/\/www.vagus.cz\/index.php?rest_route=%2Fwp%2Fv2%2Fmedia&parent=7534"}],"wp:term":[{"taxonomy":"category","embeddable":true,"href":"https:\/\/www.vagus.cz\/index.php?rest_route=%2Fwp%2Fv2%2Fcategories&post=7534"},{"taxonomy":"post_tag","embeddable":true,"href":"https:\/\/www.vagus.cz\/index.php?rest_route=%2Fwp%2Fv2%2Ftags&post=7534"}],"curies":[{"name":"wp","href":"https:\/\/api.w.org\/{rel}","templated":true}]}}