{"id":7686,"date":"2014-12-11T17:57:46","date_gmt":"2014-12-11T16:57:46","guid":{"rendered":"http:\/\/www.vagus.cz\/?p=7686"},"modified":"2015-01-15T22:06:30","modified_gmt":"2015-01-15T21:06:30","slug":"proc-vsichni-potrebujeme-kliniku","status":"publish","type":"post","link":"https:\/\/www.vagus.cz\/?p=7686","title":{"rendered":"Pro\u010d v\u0161ichni pot\u0159ebujeme Kliniku"},"content":{"rendered":"<p><em>They can land a robot on a comet, but they can&#8217;t put a person in an empty house<\/em>. Tak zn\u011bl jeden z nejtrefn\u011bj\u0161\u00edch koment\u00e1\u0159\u016f posledn\u00ed doby. A to jsme ani netu\u0161ili, \u017ee pro n\u00e1s bude m\u00edt o dost konkr\u00e9tn\u011bj\u0161\u00ed v\u00fdznam ne\u017e jen v rovin\u011b obecn\u00e9. A ne\u017e jsme sta\u010dili napsat, pro\u010d kulturn\u00ed a soci\u00e1ln\u00ed centrum <a href=\"http:\/\/451.cz\/klinika\/category\/uncategorized\/\" target=\"_blank\">Klinika<\/a> podporujeme, vyklidila ho policie. Mo\u017en\u00e1 to tedy vypad\u00e1, \u017ee p\u0159ich\u00e1z\u00edme s k\u0159\u00ed\u017ekem po funuse, ale v\u011b\u0159\u00edme, \u017ee vyklizen\u00edm to nekon\u010d\u00ed, ale teprve za\u010d\u00edn\u00e1. To nejmen\u0161\u00ed, co m\u016f\u017eeme v\u0161ichni ud\u011blat, je p\u0159ij\u00edt na <a href=\"https:\/\/www.facebook.com\/events\/744831568943861\/\" target=\"_blank\">demonstraci na podporu Kliniky<\/a> tuto sobotu (13. 12.) ve 14 hodin na N\u00e1m\u011bst\u00ed Ji\u0159\u00edho z Pod\u011bbrad.<\/p>\n<p><!--more--><a href=\"http:\/\/www.vagus.cz\/wp-content\/demo_kl.jpg\"><img loading=\"lazy\" decoding=\"async\" src=\"http:\/\/www.vagus.cz\/wp-content\/demo_kl.jpg\" alt=\"\" title=\"demo_kl\" width=\"490\" height=\"359\" class=\"alignnone size-full wp-image-7687\" srcset=\"https:\/\/www.vagus.cz\/wp-content\/demo_kl.jpg 762w, https:\/\/www.vagus.cz\/wp-content\/demo_kl-300x220.jpg 300w\" sizes=\"auto, (max-width: 490px) 100vw, 490px\" \/><\/a><\/p>\n<p>Pro\u010d si mysl\u00edme, \u017ee je d\u016fle\u017eit\u00e9 se z\u00fa\u010dastnit? Proto\u017ee \u017eijeme v tomhle m\u011bst\u011b a nen\u00ed n\u00e1m jedno, co se kolem n\u00e1s d\u011bje. Na\u0161\u00edm ide\u00e1lem je m\u011bsto co nejv\u00edce svobodn\u00e9, m\u011bsto, kter\u00e9 je utv\u00e1\u0159eno sv\u00fdmi obyvateli a pro jejich pot\u0159eby. Tedy lidmi, kte\u0159\u00ed zde skute\u010dn\u011b \u017eij\u00ed a nevyu\u017e\u00edvaj\u00ed ho jako dojnou kr\u00e1vu. M\u011bsto, ve kter\u00e9m nerozhoduj\u00ed komer\u010dn\u00ed z\u00e1jmy, ale z\u00e1jmy ve\u0159ejn\u00e9, kter\u00e9 jsou ku prosp\u011bchu m\u00edstn\u00edm. M\u011bsto, ve kter\u00e9m se m\u016f\u017eete voln\u011b pohybovat a voln\u011b tvo\u0159it bez ohledu na to, kolik m\u00e1te pen\u011bz nebo jak\u00fd je v\u00e1\u0161 spole\u010densk\u00fd status, p\u016fvod nebo t\u0159eba barva pleti. Prost\u011b m\u00edsto, kde m\u016f\u017eete voln\u011b d\u00fdchat, ani\u017e byste byli sv\u00e1z\u00e1ni zbyte\u010dn\u00fdmi p\u0159edpisy nebo restrikcemi.  <\/p>\n<p>Aktivity, kter\u00e9 vn\u00edm\u00e1me jako p\u0159\u00ednosn\u00e9, jsou aktivity, kter\u00e9 vych\u00e1zej\u00ed p\u0159edev\u0161\u00edm \u201ezdola\u201c a ne naopak (ostatn\u011b \u201eshora\u201c m\u016f\u017eete \u010dekat n\u011bco dobr\u00e9ho jen z\u0159\u00eddka). Prosp\u011b\u0161n\u00e1 \u010dinnost by nem\u011bla b\u00fdt posuzov\u00e1na pouze (zd\u00e1nlivou) legitimitou, ale p\u0159edev\u0161\u00edm svou u\u017eite\u010dnost\u00ed a prosp\u011b\u0161nost\u00ed. <\/p>\n<p>Klinika na\u0161i p\u0159edstavu o ide\u00e1ln\u00edm fungov\u00e1n\u00ed spole\u010dnosti spl\u0148ovala \u2013 byla autonomn\u00ed, sna\u017eila se m\u011bsto vylep\u0161it, pomoci jeho obyvatel\u016fm a z\u00e1rove\u0148 upozor\u0148ovala na probl\u00e9my sou\u010dasn\u00e9ho syst\u00e9mu. Ofici\u00e1ln\u00edch dobro\u010dinn\u00fdch m\u00edst m\u00e1me v Praze celkem dost, pot\u0159ebujeme ale tak\u00e9 n\u011bco, co si vybudujeme sami, prostor tvo\u0159en\u00fd samotn\u00fdmi ob\u010dany, prostor pro v\u0161echny. Spole\u010dnost m\u00e1 b\u00fdt r\u016fznorod\u00e1 a m\u011blo by v n\u00ed b\u00fdt m\u00edsto pro co nej\u0161ir\u0161\u00ed spektrum aktivit a p\u0159\u00edstup\u016f \u2013 tedy i pro sqautting (a\u017e bude spole\u010dnost tak dokonal\u00e1, \u017ee v n\u00ed nebudou z\u00e1rove\u0148 tis\u00edce pr\u00e1zdn\u00fdch dom\u016f a tis\u00edce lid\u00ed bez domova, mo\u017en\u00e1 u\u017e pot\u0159ebn\u00fd nebude). Aktivist\u00e9 z Kliniky dok\u00e1zali, \u017ee nepot\u0159ebujeme n\u011bjakou autoritu, abychom svoje okol\u00ed m\u011bnili k lep\u0161\u00edmu a uk\u00e1zali, \u017ee je mo\u017en\u00e9 vz\u00edt v\u011bci skute\u010dn\u011b do vlastn\u00edch rukou. A \u017ee podobnou p\u0159edstavu sd\u00edlej\u00ed i na prvn\u00ed pohled r\u016fznorod\u00e9 skupiny. Vytvo\u0159ili m\u00edsto, kter\u00e9 mimo jin\u00e9 uk\u00e1zalo, \u017ee z\u00e1kony a p\u0159edpisy pozb\u00fdvaj\u00ed smyslu ve chv\u00edli, kdy p\u0159estanou pom\u00e1hat lidem. <\/p>\n<p>Pokud aspo\u0148 s n\u011b\u010d\u00edm souhlas\u00edte, p\u0159ij\u010fte Kliniku v sobotu podpo\u0159it, m\u016f\u017ee to b\u00fdt prvn\u00ed krok k tomu, aby se n\u00e1m tu v\u0161em za\u010dalo \u017e\u00edt l\u00e9pe. Proto\u017ee tohle m\u011bsto je na\u0161e, ne \u00fa\u0159ad\u016f, ne developer\u016f, ne policie!<\/p>\n<p><a href=\"http:\/\/451.cz\/klinika\/\"><img decoding=\"async\" src=\"http:\/\/www.vagus.cz\/wp-content\/BANNER_KLINIKA.gif\" \/><\/a><\/p>\n<div id=\"fb-root\"><\/div>\n<p><script src=\"http:\/\/connect.facebook.net\/en_US\/all.js#xfbml=1\"><\/script><fb:like href=\"http:\/\/www.vagus.cz\/?p=7686\" send=\"true\" font=\"\"><\/fb:like><\/p>\n","protected":false},"excerpt":{"rendered":"<p>They can land a robot on a comet, but they can&#8217;t put a person in an empty house. Tak zn\u011bl jeden z nejtrefn\u011bj\u0161\u00edch koment\u00e1\u0159\u016f posledn\u00ed doby. A to jsme ani netu\u0161ili, \u017ee pro n\u00e1s bude m\u00edt o dost konkr\u00e9tn\u011bj\u0161\u00ed v\u00fdznam ne\u017e jen v rovin\u011b obecn\u00e9. A ne\u017e jsme sta\u010dili napsat, pro\u010d kulturn\u00ed a soci\u00e1ln\u00ed centrum &hellip; <\/p>\n<p class=\"link-more\"><a href=\"https:\/\/www.vagus.cz\/?p=7686\" class=\"more-link\">Continue reading<span class=\"screen-reader-text\"> &#8220;Pro\u010d v\u0161ichni pot\u0159ebujeme Kliniku&#8221;<\/span><\/a><\/p>\n","protected":false},"author":6,"featured_media":0,"comment_status":"open","ping_status":"closed","sticky":false,"template":"","format":"standard","meta":{"footnotes":""},"categories":[20,10],"tags":[14],"class_list":["post-7686","post","type-post","status-publish","format-standard","hentry","category-pakultura","category-image-je-vsechno","tag-betla"],"_links":{"self":[{"href":"https:\/\/www.vagus.cz\/index.php?rest_route=\/wp\/v2\/posts\/7686","targetHints":{"allow":["GET"]}}],"collection":[{"href":"https:\/\/www.vagus.cz\/index.php?rest_route=\/wp\/v2\/posts"}],"about":[{"href":"https:\/\/www.vagus.cz\/index.php?rest_route=\/wp\/v2\/types\/post"}],"author":[{"embeddable":true,"href":"https:\/\/www.vagus.cz\/index.php?rest_route=\/wp\/v2\/users\/6"}],"replies":[{"embeddable":true,"href":"https:\/\/www.vagus.cz\/index.php?rest_route=%2Fwp%2Fv2%2Fcomments&post=7686"}],"version-history":[{"count":6,"href":"https:\/\/www.vagus.cz\/index.php?rest_route=\/wp\/v2\/posts\/7686\/revisions"}],"predecessor-version":[{"id":7753,"href":"https:\/\/www.vagus.cz\/index.php?rest_route=\/wp\/v2\/posts\/7686\/revisions\/7753"}],"wp:attachment":[{"href":"https:\/\/www.vagus.cz\/index.php?rest_route=%2Fwp%2Fv2%2Fmedia&parent=7686"}],"wp:term":[{"taxonomy":"category","embeddable":true,"href":"https:\/\/www.vagus.cz\/index.php?rest_route=%2Fwp%2Fv2%2Fcategories&post=7686"},{"taxonomy":"post_tag","embeddable":true,"href":"https:\/\/www.vagus.cz\/index.php?rest_route=%2Fwp%2Fv2%2Ftags&post=7686"}],"curies":[{"name":"wp","href":"https:\/\/api.w.org\/{rel}","templated":true}]}}