{"id":9764,"date":"2017-12-23T20:15:25","date_gmt":"2017-12-23T19:15:25","guid":{"rendered":"http:\/\/www.vagus.cz\/?p=9764"},"modified":"2018-01-01T17:33:33","modified_gmt":"2018-01-01T16:33:33","slug":"vagusi-rok-2017","status":"publish","type":"post","link":"https:\/\/www.vagus.cz\/?p=9764","title":{"rendered":"V\u00e1gus\u00ed rok 2017: Znamen\u00ed sploshingu a sklenic se zel\u00edm"},"content":{"rendered":"<p>Jak\u00fd byl pr\u00e1v\u011b kon\u010d\u00edc\u00ed rok s po\u0159adov\u00fdm \u010d\u00edslem 2017? Co v n\u011bm bylo nejzaj\u00edmav\u011bj\u0161\u00ed, nejbizarn\u011bj\u0161\u00ed a co nejv\u00edc na hovno? A kam sm\u011b\u0159uje vezdej\u0161\u00ed sv\u011bt v roce 2018? Uplynul\u00fd rok hodnot\u00ed na\u0161i kolegov\u00e9, zn\u00e1m\u00ed, p\u0159\u00e1tel\u00e9 a p\u0159\u00edbuzn\u00ed.<\/p>\n<p><!--more--><br \/>\n&nbsp;<\/p>\n<h3>Barbora B\u00edrov\u00e1 \/ <a href=\"https:\/\/www.socialnibydleni.org\/cs\/\" target=\"_blank\">Platforma pro soci\u00e1ln\u00ed bydlen\u00ed<\/a>, <a href=\"http:\/\/www.anthropictures.cz\/\" target=\"_blank\">Anthropictures<\/a><\/h3>\n<p><strong>Jak\u00fd nejzaj\u00edmav\u011bj\u0161\u00ed podnik jste letos nav\u0161t\u00edvili?<\/strong><br \/>\nZauj\u00edmav\u00fd a s\u00fa\u010dasne bizarn\u00fd podnik, v zmysle kr\u010dmy, nav\u0161t\u00edven\u00fd v tomto roku bola Hospoda u hada. Pod tlakom premien mesta sa Karl\u00edn zmenil tak, \u017ee pomaly u\u017e zmizli v\u0161etky kr\u010dmy a pustiky, do ktor\u00fdch by sa dalo z\u00e1js\u0165 bez v\u00edzie super-duper-raw-bio-dizajnov\u00e9ho-vyle\u0161ten\u00e9ho \u010dohosi. Tak\u017ee potom vznikaj\u00fa tak\u00e9 bizarnosti ako kr\u010dma v gal\u00e9rii. Ale bolo tam pekne!<\/p>\n<p><strong>Co pro v\u00e1s bylo nejbizarn\u011bj\u0161\u00edm z\u00e1\u017eitkem?<\/strong><br \/>\nBiz\u00e1rov bolo plno, v osobn\u00fdch, vo\u013eno\u010dasov\u00fdch aj pracovn\u00fdch rovin\u00e1ch. D\u00e1m nie\u010do na od\u013eah\u010denie&#8230; Bizarnos\u0165 bola hna\u0165 sa lesom a v skupine asi tridsiatich podivn\u00fdch nad\u0161encov h\u013eada\u0165 sovy vo vo\u013enej pr\u00edrode, sledova\u0165 \u0161ialen\u00e9ho ornitol\u00f3ga, ako sa sna\u017e\u00ed v\u00e1bi\u0165 sovy v mestskom lesoparku v Bratislave a potom by\u0165 unesen\u00e1 t\u00fdm, \u017ee sa n\u00e1m ich naozaj podarilo vidie\u0165.<\/p>\n<p><strong>Co v\u00e1s v roce 2017 nejv\u00edc nasralo?<\/strong><br \/>\nTot\u00e1lny shit je rie\u0161enie bytovej n\u00fadze na kladensk\u00fd sp\u00f4sob. T\u00fdm, ktor\u00ed sa domnievaj\u00fa, \u017ee vyhl\u00e1si\u0165 cel\u00e9 mesto za ghetto je spr\u00e1vny smer v h\u013eadan\u00ed rie\u0161enia, by som dopriala, aby si to s \u013eu\u010fmi v bytovej n\u00fadzi vymenili. Aspo\u0148 na chv\u00ed\u013eu.<\/p>\n<p><strong>Jak\u00e1 v\u011bc se podle v\u00e1s ur\u010dit\u011b stane (nebo naopak nestane) v roce 2018?<\/strong><br \/>\nRok 2018 bude.<\/p>\n<p>&nbsp;<\/p>\n<h3><a href=\"http:\/\/bandzone.cz\/bouchacisrouby\" target=\"_blank\">Sandra \/ Bouchac\u00ed \u0161rouby<\/a><\/h3>\n<p><strong>Jak\u00fd nejzaj\u00edmav\u011bj\u0161\u00ed podnik jste letos nav\u0161t\u00edvili?<\/strong><br \/>\nSp\u00ed\u0161 nenav\u0161t\u00edvili. V aglomeraci Chomutov\/Jirkov jsou t\u0159i rychl\u00edkov\u00e1 n\u00e1dra\u017e\u00ed a ani jedna n\u00e1dra\u017eka! \u201eHostinec\u201c \u010cek\u00e1rna, kter\u00fd pr\u00fd supluje funkci m\u00edstn\u00ed n\u00e1dra\u017eky, je\u0161t\u011b \u010dek\u00e1 na recenzi.<\/p>\n<p><strong>Co pro v\u00e1s bylo nejbizarn\u011bj\u0161\u00edm z\u00e1\u017eitkem?<\/strong><br \/>\nPodchod po n\u00e1dra\u017e\u00edm \u00dast\u00ed nad Labem \u2013 Z\u00e1pad.<\/p>\n<p><strong>Co v\u00e1s v roce 2017 nejv\u00edc nasralo?<\/strong><br \/>\nTo, \u017ee ve v\u011bt\u0161in\u011b nov\u00fdch vagon\u016f \u010cD nejsou na z\u00e1chodc\u00edch v\u011b\u0161\u00e1ky. Nejen\u017ee zmizel tajemn\u00fd n\u00e1pis &#8220;Ve stanici nelze&#8221;, proto\u017ee u\u017e asi lze v\u0161ude a po\u0159\u00e1d, ale z\u00e1rove\u0148 nen\u00ed kam si pov\u011bsit svr\u0161ky nebo batoh. Zaplat\u00ed mi \u010cD rozt\u0159\u00edskanej notebook, a\u017e se mi batoh po stopades\u00e1t\u00fd sval\u00ed na zem z umyvadla? Ktor\u00fd kokot in\u017eenier vymyslel, \u017ee \u013eudia dn\u011bs n\u011bpotrebuj\u00fa ve\u0161\u00e1ky na hajzloch?!!!!<\/p>\n<p><strong>Jak\u00e1 v\u011bc se podle v\u00e1s ur\u010dit\u011b stane (nebo naopak nestane) v roce 2018<\/strong>?<br \/>\nV\u00e1gus.cz vyd\u00e1 zas novou knihu o n\u00e1dra\u017ek\u00e1ch, to je jistota. Nad \u010d\u00edm jin\u00fdm by se m\u00edstn\u00ed mechanofilov\u00e9 uk\u00e1jeli.<\/p>\n<p><iframe loading=\"lazy\" width=\"480\" height=\"270\" src=\"https:\/\/www.youtube.com\/embed\/Dh29JQ0Rbl4\" frameborder=\"0\" gesture=\"media\" allow=\"encrypted-media\" allowfullscreen><\/iframe><\/p>\n<p>&nbsp;<\/p>\n<h3><a href=\"http:\/\/tynikdy.cz\/\" target=\"_blank\">Idea \/ TyNikdy<\/a><\/h3>\n<p><strong>Jak\u00fd nejzaj\u00edmav\u011bj\u0161\u00ed podnik jste letos nav\u0161t\u00edvili?<\/strong><br \/>\nByl to ur\u010dit\u011b klub &#8220;Na Trojce&#8221; v Podol\u00ed.<\/p>\n<p><strong>Co pro v\u00e1s bylo nejbizarn\u011bj\u0161\u00edm z\u00e1\u017eitkem?<\/strong><br \/>\nKdy\u017e kamar\u00e1da vyhodili z bytu v Podol\u00ed. Vyhodili ho proto, \u017ee jeho k\u00e1mo\u0161, co u n\u011bj chv\u00edli p\u0159eb\u00fdval i s jeho psem boxerem, nechal psa doma a ten shodil z parapetu ob\u0159\u00ed sklenici s kysan\u00fdm zel\u00edm a m\u00e1lem to zabilo b\u00e1bu bydl\u00edc\u00ed v prvn\u00edm pat\u0159e.<\/p>\n<p><strong>Co v\u00e1s v roce 2017 nejv\u00edc nasralo?<\/strong><br \/>\nKdy\u017e n\u00e1m vybrali studio, kurvy.<\/p>\n<p><strong>Jak\u00e1 v\u011bc se podle v\u00e1s ur\u010dit\u011b stane (nebo naopak nestane) v roce 2018?<\/strong><br \/>\nJ\u00e1 douf\u00e1m, \u017ee se u\u017e nikdy m\u00e1lem nestane zabit\u00ed b\u00e1by sklenic\u00ed se zel\u00edm.<\/p>\n<p><iframe loading=\"lazy\" width=\"480\" height=\"270\" src=\"https:\/\/www.youtube.com\/embed\/_L6Wx3bcrTY\" frameborder=\"0\" gesture=\"media\" allow=\"encrypted-media\" allowfullscreen><\/iframe><\/p>\n<p>&nbsp;<\/p>\n<h3><a href=\"https:\/\/www.jedensvet.cz\/\" target=\"_blank\">Ond\u0159ej Kamenick\u00fd \/ Jeden sv\u011bt<\/a><\/h3>\n<p><strong>Jak\u00fd nejzaj\u00edmav\u011bj\u0161\u00ed podnik jste letos nav\u0161t\u00edvili?<\/strong><br \/>\nHospoda (u\u017e nev\u00edm n\u00e1zev) v tokijsk\u00e9 \u010dtvrti Shinjuku, kde t\u011b uv\u00edt\u00e1 robot, m\u016f\u017ee\u0161 si d\u00e1t syrov\u00e9ho kon\u011b nebo medv\u011bda, \u017eivou rybu ti nachystaj\u00ed rozkrojenou na tal\u00ed\u0159, a pive\u010dko stoj\u00ed na na\u0161e 20 \u2013 slovy dvacet \u2013 korun.<\/p>\n<p><strong>Co pro v\u00e1s bylo nejbizarn\u011bj\u0161\u00edm z\u00e1\u017eitkem?<\/strong><br \/>\nSploshing.<\/p>\n<p><strong>Co v\u00e1s v roce 2017 nejv\u00edc nasralo?<\/strong><br \/>\nZav\u0159en\u00ed Konibaru v Uhersk\u00e9m Hradi\u0161ti.<\/p>\n<p><strong>Jak\u00e1 v\u011bc se podle v\u00e1s ur\u010dit\u011b stane (nebo naopak nestane) v roce 2018?<\/strong><br \/>\nPust\u00edm si k milov\u00e1n\u00ed r\u00e1dio.<\/p>\n<p><iframe loading=\"lazy\" width=\"480\" height=\"270\" src=\"https:\/\/www.youtube.com\/embed\/6OkhQ9CsGzQ\" frameborder=\"0\" gesture=\"media\" allow=\"encrypted-media\" allowfullscreen><\/iframe><\/p>\n<p>&nbsp;<\/p>\n<h3><a href=\"http:\/\/svacitsotvastacim.cz\" target=\"_blank\">Marta Musilov\u00e1 \/ Sva\u010dit Sotva Sta\u010dim<\/a><\/h3>\n<p><strong>Jak\u00fd nejzaj\u00edmav\u011bj\u0161\u00ed podnik jste letos nav\u0161t\u00edvili?<\/strong><br \/>\nNevim, ale ur\u010dit\u011b jsem r\u00e1da, \u017ee se d\u011bje n\u011bco v Hybernsk\u00fd. Jinak nem\u00e1m pocit, \u017ee by mi n\u011bjakej podnik tedle rok u\u010daroval. Ale bav\u00ed m\u011b Ankali a pak ta vietnamsk\u00e1 n\u00e1dra\u017eka ve Zl\u00edn\u011b.<\/p>\n<p><strong>Co pro v\u00e1s bylo nejbizarn\u011bj\u0161\u00edm z\u00e1\u017eitkem?<\/strong><br \/>\nKdy\u017e jsem in the middle of chinese nowhere stopla t\u00fdpka na mopedu, co neum\u011bl ani slovo anglicky a j\u00e1 se cht\u011bla dostat k vodop\u00e1d\u016fm. Vozil m\u011b kolem asi t\u0159i hodiny, koupil mi ob\u011bd a j\u00e1 nakonec zjistila, \u017ee k vodop\u00e1d\u016fm se bez tu\u010dn\u00fdho vstupn\u00fdho nedostanu. Odvezl m\u011b nazp\u00e1tek, uk\u00e1zal mi m\u00edsto, kam se m\u00e1m postavit, odemkl bagr a nabral tunu \u0161utr\u016f a \u0161inul si to p\u0159\u00edmo na m\u011b. A pak m\u011b nabral a p\u0159ebrodili jsme tim bagrem \u0159eku. Top. Z j\u00eddla byla ur\u010dit\u011b nejbizarn\u011bj\u0161\u00ed kombinace studen\u00fd bramborov\u00fd ka\u0161e a bor\u016fvkov\u00fd marmo\u0161ky (v \u010c\u00edn\u011b je to legitimn\u00ed j\u00eddlo) a vlastn\u011b mi to docela chutnalo.<\/p>\n<p><strong>Co v\u00e1s v roce 2017 nejv\u00edc nasralo?<\/strong><br \/>\nPokra\u010dov\u00e1n\u00ed trendu zav\u00edr\u00e1n\u00ed norm\u00e1ln\u00edch hospod. Po hospod\u011b U Tunelu a Kloko\u010dn\u00edkovi, tendle rok na seznam p\u0159ibyla i moje obl\u00edben\u00e1 nuselsk\u00e1 hospoda U St\u00e1l\u00e9ho zdrav\u00ed aka St\u00e1l\u00e1\u010d, karl\u00ednsk\u00fd U Slav\u00ed\u010dk\u016f ve t\u0159i r\u00e1no \u010di dojezdovka na Krymsk\u00fd s v\u00fdbornejma pol\u00edvkama ve \u010dty\u0159i r\u00e1no \u2013 bar U Pilot\u016f. A taky U Fandy nebo Bubene\u010dsk\u00e1 n\u00e1dra\u017eka, kde jsem ani nikdy nebyla, p\u00e1\u010d jsem byla l\u00edn\u00e1 vypravit se tak daleko a te\u010f si to m\u016f\u017eu jen vy\u010d\u00edtat. A jinak hejt v\u016f\u010di #metoo, n\u00e1pady skokan\u016f na ly\u017e\u00edch a stoupaj\u00edc\u00ed podpora nedemokratickejch stran.<\/p>\n<p><strong>Jak\u00e1 v\u011bc se podle v\u00e1s ur\u010dit\u011b stane (nebo naopak nestane) v roce 2018?<\/strong><br \/>\nKoupim si k\u0159i\u0161\u0165\u00e1lovou kouli a pak v\u00e1m \u0159eknu.<\/p>\n<p><a href=\"http:\/\/www.vagus.cz\/wp-content\/anketa2017_cina.jpg\"><img loading=\"lazy\" decoding=\"async\" class=\"alignnone size-full wp-image-9765\" title=\"anketa2017_cina\" src=\"http:\/\/www.vagus.cz\/wp-content\/anketa2017_cina.jpg\" alt=\"\" width=\"480\" height=\"360\" srcset=\"https:\/\/www.vagus.cz\/wp-content\/anketa2017_cina.jpg 1024w, https:\/\/www.vagus.cz\/wp-content\/anketa2017_cina-300x225.jpg 300w\" sizes=\"auto, (max-width: 480px) 100vw, 480px\" \/><\/a><\/p>\n<p>&nbsp;<\/p>\n<h3><a href=\"https:\/\/www.advojka.cz\/\" target=\"_blank\">Michal \u0160p\u00edna \/ A2<\/a><\/h3>\n<p><strong>Jak\u00fd nejzaj\u00edmav\u011bj\u0161\u00ed podnik jste letos nav\u0161t\u00edvili?<\/strong><br \/>\nKiosek pana Bure\u0161e v \u017est. Hru\u0161ovany nad Jevi\u0161ovkou, kde se \u010dlov\u011bk dov\u00ed, \u017ee <a href=\"http:\/\/www.vagus.cz\/?p=9414\" target=\"_blank\">za komunist\u016f bylo jako za star\u00e9ho \u0158\u00edma<\/a>.<\/p>\n<p><strong>Co pro v\u00e1s bylo nejbizarn\u011bj\u0161\u00edm z\u00e1\u017eitkem?<\/strong><br \/>\nAsi lidov\u00e9 karaoke v jedn\u00e9 vesnici v ukrajinsk\u00e9 Besar\u00e1bii. Zp\u00edvalo se rusky, ukrajinsky, moldavsky (tj. rumunsky, ale text b\u011b\u017eel v cyrilici) a nakonec hebrejsky. Nejlep\u0161\u00ed byl chlap, co vypadal \u00fapln\u011b jako <a href=\"https:\/\/www.youtube.com\/watch?v=jxVcgDMBU94\" target=\"_blank\">fenomen\u00e1ln\u00ed Friedrich Liechtenstein<\/a>. Nepamatuju si p\u0159esn\u011b, jak jsme se odtamtud dostali, ale r\u00e1no jsme m\u011bli v\u00fdhled na mo\u0159e, p\u00edsek v batohu a pod karimatkou nejedno ps\u00ed hovno.<\/p>\n<p><strong>Co v\u00e1s v roce 2017 nejv\u00edc nasralo?<\/strong><br \/>\nBohorovnost zmaru.<\/p>\n<p><strong>Jak\u00e1 v\u011bc se podle v\u00e1s ur\u010dit\u011b stane (nebo naopak nestane) v roce 2018?<\/strong><br \/>\nT\u011b\u017eko \u0159\u00edct, ale v\u0161echno nasv\u011bd\u010duje tomu, \u017ee to bude rok Jarom\u00edra Soukupa.<\/p>\n<p><iframe loading=\"lazy\" src=\"https:\/\/www.youtube.com\/embed\/jxVcgDMBU94\" frameborder=\"0\" width=\"480\" height=\"270\"><\/iframe><\/p>\n<p>&nbsp;<\/p>\n<h3><a href=\"http:\/\/opakdissu.cz\/\" target=\"_blank\">Don Chain \/ Opak Dissu<\/a><\/h3>\n<p><strong>Jak\u00fd nejzaj\u00edmav\u011bj\u0161\u00ed podnik jste letos nav\u0161t\u00edvili?<\/strong><br \/>\nKryt civiln\u00ed obrany Olomouc.<\/p>\n<p><strong>Co pro v\u00e1s bylo nejbizarn\u011bj\u0161\u00edm z\u00e1\u017eitkem?<\/strong><br \/>\nStay zmrd p\u00e1rty a pak jedna akce, o kter\u00e9 nemohu mluvit&#8230;<\/p>\n<p><strong>Co v\u00e1s v roce 2017 nejv\u00edc nasralo?<\/strong><br \/>\nFormul\u00e1\u0159e a ankety.<\/p>\n<p><strong>Jak\u00e1 v\u011bc se podle v\u00e1s ur\u010dit\u011b stane (nebo naopak nestane) v roce 2018?<\/strong><br \/>\nRozhodn\u011b zas na konci roku nafasuju dal\u0161\u00ed ankety.<\/p>\n<p><iframe loading=\"lazy\" width=\"480\" height=\"270\" src=\"https:\/\/www.youtube.com\/embed\/4LZABVZnI8g\" frameborder=\"0\" gesture=\"media\" allow=\"encrypted-media\" allowfullscreen><\/iframe><\/p>\n<p>&nbsp;<\/p>\n<p><script src=\"http:\/\/connect.facebook.net\/en_US\/all.js#xfbml=1\"><\/script><fb:like href=\"http:\/\/www.vagus.cz\/?p=9764\" show_faces=\"true\" width=\"450\"><\/fb:like><\/p>\n","protected":false},"excerpt":{"rendered":"<p>Jak\u00fd byl pr\u00e1v\u011b kon\u010d\u00edc\u00ed rok s po\u0159adov\u00fdm \u010d\u00edslem 2017? Co v n\u011bm bylo nejzaj\u00edmav\u011bj\u0161\u00ed, nejbizarn\u011bj\u0161\u00ed a co nejv\u00edc na hovno? A kam sm\u011b\u0159uje vezdej\u0161\u00ed sv\u011bt v roce 2018? Uplynul\u00fd rok hodnot\u00ed na\u0161i kolegov\u00e9, zn\u00e1m\u00ed, p\u0159\u00e1tel\u00e9 a p\u0159\u00edbuzn\u00ed.<\/p>\n","protected":false},"author":3,"featured_media":0,"comment_status":"open","ping_status":"closed","sticky":false,"template":"","format":"standard","meta":{"footnotes":""},"categories":[10],"tags":[],"class_list":["post-9764","post","type-post","status-publish","format-standard","hentry","category-image-je-vsechno"],"_links":{"self":[{"href":"https:\/\/www.vagus.cz\/index.php?rest_route=\/wp\/v2\/posts\/9764","targetHints":{"allow":["GET"]}}],"collection":[{"href":"https:\/\/www.vagus.cz\/index.php?rest_route=\/wp\/v2\/posts"}],"about":[{"href":"https:\/\/www.vagus.cz\/index.php?rest_route=\/wp\/v2\/types\/post"}],"author":[{"embeddable":true,"href":"https:\/\/www.vagus.cz\/index.php?rest_route=\/wp\/v2\/users\/3"}],"replies":[{"embeddable":true,"href":"https:\/\/www.vagus.cz\/index.php?rest_route=%2Fwp%2Fv2%2Fcomments&post=9764"}],"version-history":[{"count":13,"href":"https:\/\/www.vagus.cz\/index.php?rest_route=\/wp\/v2\/posts\/9764\/revisions"}],"predecessor-version":[{"id":9768,"href":"https:\/\/www.vagus.cz\/index.php?rest_route=\/wp\/v2\/posts\/9764\/revisions\/9768"}],"wp:attachment":[{"href":"https:\/\/www.vagus.cz\/index.php?rest_route=%2Fwp%2Fv2%2Fmedia&parent=9764"}],"wp:term":[{"taxonomy":"category","embeddable":true,"href":"https:\/\/www.vagus.cz\/index.php?rest_route=%2Fwp%2Fv2%2Fcategories&post=9764"},{"taxonomy":"post_tag","embeddable":true,"href":"https:\/\/www.vagus.cz\/index.php?rest_route=%2Fwp%2Fv2%2Ftags&post=9764"}],"curies":[{"name":"wp","href":"https:\/\/api.w.org\/{rel}","templated":true}]}}